{"id":6952,"date":"2024-12-01T18:52:34","date_gmt":"2024-12-01T17:52:34","guid":{"rendered":"https:\/\/wgphoto.pl\/t\/?p=6952"},"modified":"2024-12-01T18:52:34","modified_gmt":"2024-12-01T17:52:34","slug":"pierwszy-widok-na-gory-2","status":"publish","type":"post","link":"https:\/\/wgphoto.pl\/t\/?p=6952","title":{"rendered":"Pierwszy widok na g\u00f3ry (2)"},"content":{"rendered":"\n<figure class=\"wp-block-image aligncenter size-full\"><img loading=\"lazy\" decoding=\"async\" width=\"1300\" height=\"861\" src=\"https:\/\/wgphoto.pl\/t\/wp-content\/uploads\/2024\/12\/IMGP7888.jpg\" alt=\"\" class=\"wp-image-6953\" srcset=\"https:\/\/wgphoto.pl\/t\/wp-content\/uploads\/2024\/12\/IMGP7888.jpg 1300w, https:\/\/wgphoto.pl\/t\/wp-content\/uploads\/2024\/12\/IMGP7888-300x199.jpg 300w, https:\/\/wgphoto.pl\/t\/wp-content\/uploads\/2024\/12\/IMGP7888-768x509.jpg 768w\" sizes=\"auto, (max-width: 1300px) 100vw, 1300px\" \/><\/figure>\n\n\n\n<div class=\"wp-block-group has-global-padding is-layout-constrained wp-block-group-is-layout-constrained\">\n<p>Berno, Kirchenfeldbr\u00fccke. Nie mog\u0119 si\u0119 zdecydowa\u0107 kt\u00f3re lepsze, wi\u0119c wrzucam dwa uj\u0119cia. Tutaj lepiej u\u0142o\u017cy\u0142y si\u0119 tramwaje oraz lepiej wida\u0107 Alpy, z kolei gorzej prezentuje si\u0119 uci\u0119ty most. 2018-03-24<\/p>\n<\/div>\n","protected":false},"excerpt":{"rendered":"<p>Berno, Kirchenfeldbr\u00fccke. Nie mog\u0119 si\u0119 zdecydowa\u0107 kt\u00f3re lepsze, wi\u0119c wrzucam dwa uj\u0119cia. Tutaj lepiej u\u0142o\u017cy\u0142y si\u0119 tramwaje oraz lepiej wida\u0107 Alpy, z kolei gorzej prezentuje si\u0119 uci\u0119ty most. 2018-03-24<\/p>\n","protected":false},"author":1,"featured_media":6953,"comment_status":"open","ping_status":"","sticky":false,"template":"","format":"standard","meta":{"footnotes":""},"categories":[156,3],"tags":[396,394,393,114,113,45,143,381,183,186],"class_list":["post-6952","post","type-post","status-publish","format-standard","has-post-thumbnail","hentry","category-rok-2018","category-tramwaj","tag-2018-03-24","tag-bernmobil","tag-berno","tag-gory","tag-landszaft","tag-most","tag-ponad-30m","tag-siemens-combino","tag-suissetrip-2018","tag-szwajcaria"],"_links":{"self":[{"href":"https:\/\/wgphoto.pl\/t\/index.php?rest_route=\/wp\/v2\/posts\/6952","targetHints":{"allow":["GET"]}}],"collection":[{"href":"https:\/\/wgphoto.pl\/t\/index.php?rest_route=\/wp\/v2\/posts"}],"about":[{"href":"https:\/\/wgphoto.pl\/t\/index.php?rest_route=\/wp\/v2\/types\/post"}],"author":[{"embeddable":true,"href":"https:\/\/wgphoto.pl\/t\/index.php?rest_route=\/wp\/v2\/users\/1"}],"replies":[{"embeddable":true,"href":"https:\/\/wgphoto.pl\/t\/index.php?rest_route=%2Fwp%2Fv2%2Fcomments&post=6952"}],"version-history":[{"count":1,"href":"https:\/\/wgphoto.pl\/t\/index.php?rest_route=\/wp\/v2\/posts\/6952\/revisions"}],"predecessor-version":[{"id":6954,"href":"https:\/\/wgphoto.pl\/t\/index.php?rest_route=\/wp\/v2\/posts\/6952\/revisions\/6954"}],"wp:featuredmedia":[{"embeddable":true,"href":"https:\/\/wgphoto.pl\/t\/index.php?rest_route=\/wp\/v2\/media\/6953"}],"wp:attachment":[{"href":"https:\/\/wgphoto.pl\/t\/index.php?rest_route=%2Fwp%2Fv2%2Fmedia&parent=6952"}],"wp:term":[{"taxonomy":"category","embeddable":true,"href":"https:\/\/wgphoto.pl\/t\/index.php?rest_route=%2Fwp%2Fv2%2Fcategories&post=6952"},{"taxonomy":"post_tag","embeddable":true,"href":"https:\/\/wgphoto.pl\/t\/index.php?rest_route=%2Fwp%2Fv2%2Ftags&post=6952"}],"curies":[{"name":"wp","href":"https:\/\/api.w.org\/{rel}","templated":true}]}}