{"id":6955,"date":"2024-12-01T18:53:35","date_gmt":"2024-12-01T17:53:35","guid":{"rendered":"https:\/\/wgphoto.pl\/t\/?p=6955"},"modified":"2024-12-01T18:53:35","modified_gmt":"2024-12-01T17:53:35","slug":"pierwszy-widok-na-gory-1","status":"publish","type":"post","link":"https:\/\/wgphoto.pl\/t\/?p=6955","title":{"rendered":"Pierwszy widok na g\u00f3ry (1)"},"content":{"rendered":"\n<figure class=\"wp-block-image aligncenter size-full\"><img loading=\"lazy\" decoding=\"async\" width=\"1200\" height=\"795\" src=\"https:\/\/wgphoto.pl\/t\/wp-content\/uploads\/2024\/12\/IMGP7893.jpg\" alt=\"\" class=\"wp-image-6956\" srcset=\"https:\/\/wgphoto.pl\/t\/wp-content\/uploads\/2024\/12\/IMGP7893.jpg 1200w, https:\/\/wgphoto.pl\/t\/wp-content\/uploads\/2024\/12\/IMGP7893-300x199.jpg 300w, https:\/\/wgphoto.pl\/t\/wp-content\/uploads\/2024\/12\/IMGP7893-768x509.jpg 768w\" sizes=\"auto, (max-width: 1200px) 100vw, 1200px\" \/><\/figure>\n\n\n\n<div class=\"wp-block-group has-global-padding is-layout-constrained wp-block-group-is-layout-constrained\">\n<p>Berno, Kirchenfeldbr\u00fccke. 7-cz\u0142onowe Combino przekracza rzek\u0119 Aare jednym z dw\u00f3ch d\u0142ugich i wysokich most\u00f3w nad t\u0105 rzek\u0105 w stolicy. Za moimi plecami stoi budynek parlamentu, sk\u0105d rozci\u0105ga si\u0119 pi\u0119kny widok na Alpy. Tak si\u0119 z\u0142o\u017cy\u0142o, \u017ce przez pierwsze kilka dni kr\u0119ci\u0142em si\u0119 po Wy\u017cynie Szwajcarskiej wi\u0119c pierwszy raz zobaczy\u0142em szwajcarskie Alpy dopiero z tego miejsca. 2018-03-24<\/p>\n<\/div>\n","protected":false},"excerpt":{"rendered":"<p>Berno, Kirchenfeldbr\u00fccke. 7-cz\u0142onowe Combino przekracza rzek\u0119 Aare jednym z dw\u00f3ch d\u0142ugich i wysokich most\u00f3w nad t\u0105 rzek\u0105 w stolicy. Za moimi plecami stoi budynek parlamentu, sk\u0105d rozci\u0105ga si\u0119 pi\u0119kny widok na Alpy. Tak si\u0119 z\u0142o\u017cy\u0142o, \u017ce przez pierwsze kilka dni kr\u0119ci\u0142em si\u0119 po Wy\u017cynie Szwajcarskiej wi\u0119c pierwszy raz zobaczy\u0142em szwajcarskie Alpy dopiero z tego miejsca. [&hellip;]<\/p>\n","protected":false},"author":1,"featured_media":6956,"comment_status":"open","ping_status":"","sticky":false,"template":"","format":"standard","meta":{"footnotes":""},"categories":[156,3],"tags":[396,394,393,114,113,45,143,381,183,186],"class_list":["post-6955","post","type-post","status-publish","format-standard","has-post-thumbnail","hentry","category-rok-2018","category-tramwaj","tag-2018-03-24","tag-bernmobil","tag-berno","tag-gory","tag-landszaft","tag-most","tag-ponad-30m","tag-siemens-combino","tag-suissetrip-2018","tag-szwajcaria"],"_links":{"self":[{"href":"https:\/\/wgphoto.pl\/t\/index.php?rest_route=\/wp\/v2\/posts\/6955","targetHints":{"allow":["GET"]}}],"collection":[{"href":"https:\/\/wgphoto.pl\/t\/index.php?rest_route=\/wp\/v2\/posts"}],"about":[{"href":"https:\/\/wgphoto.pl\/t\/index.php?rest_route=\/wp\/v2\/types\/post"}],"author":[{"embeddable":true,"href":"https:\/\/wgphoto.pl\/t\/index.php?rest_route=\/wp\/v2\/users\/1"}],"replies":[{"embeddable":true,"href":"https:\/\/wgphoto.pl\/t\/index.php?rest_route=%2Fwp%2Fv2%2Fcomments&post=6955"}],"version-history":[{"count":1,"href":"https:\/\/wgphoto.pl\/t\/index.php?rest_route=\/wp\/v2\/posts\/6955\/revisions"}],"predecessor-version":[{"id":6957,"href":"https:\/\/wgphoto.pl\/t\/index.php?rest_route=\/wp\/v2\/posts\/6955\/revisions\/6957"}],"wp:featuredmedia":[{"embeddable":true,"href":"https:\/\/wgphoto.pl\/t\/index.php?rest_route=\/wp\/v2\/media\/6956"}],"wp:attachment":[{"href":"https:\/\/wgphoto.pl\/t\/index.php?rest_route=%2Fwp%2Fv2%2Fmedia&parent=6955"}],"wp:term":[{"taxonomy":"category","embeddable":true,"href":"https:\/\/wgphoto.pl\/t\/index.php?rest_route=%2Fwp%2Fv2%2Fcategories&post=6955"},{"taxonomy":"post_tag","embeddable":true,"href":"https:\/\/wgphoto.pl\/t\/index.php?rest_route=%2Fwp%2Fv2%2Ftags&post=6955"}],"curies":[{"name":"wp","href":"https:\/\/api.w.org\/{rel}","templated":true}]}}