{"id":6967,"date":"2024-12-01T19:02:19","date_gmt":"2024-12-01T18:02:19","guid":{"rendered":"https:\/\/wgphoto.pl\/t\/?p=6967"},"modified":"2024-12-01T19:02:19","modified_gmt":"2024-12-01T18:02:19","slug":"rozmital-pod-tremsinem","status":"publish","type":"post","link":"https:\/\/wgphoto.pl\/t\/?p=6967","title":{"rendered":"Ro\u017emit\u00e1l pod T\u0159em\u0161\u00ednem"},"content":{"rendered":"\n<figure class=\"wp-block-image aligncenter size-full\"><img loading=\"lazy\" decoding=\"async\" width=\"1200\" height=\"800\" src=\"https:\/\/wgphoto.pl\/t\/wp-content\/uploads\/2024\/12\/IMGP4096.jpg\" alt=\"\" class=\"wp-image-6968\" srcset=\"https:\/\/wgphoto.pl\/t\/wp-content\/uploads\/2024\/12\/IMGP4096.jpg 1200w, https:\/\/wgphoto.pl\/t\/wp-content\/uploads\/2024\/12\/IMGP4096-300x200.jpg 300w, https:\/\/wgphoto.pl\/t\/wp-content\/uploads\/2024\/12\/IMGP4096-768x512.jpg 768w\" sizes=\"auto, (max-width: 1200px) 100vw, 1200px\" \/><\/figure>\n\n\n\n<div class=\"wp-block-group has-global-padding is-layout-constrained wp-block-group-is-layout-constrained\">\n<p>810 622-1 po trzech minutach na zmian\u0119 kierunku za chwil\u0119 wykona kurs 27950 do odleg\u0142ych o 9 km B\u0159eznic. Trafi\u0142em akurat na popo\u0142udniowy szczyt z dwoma kursami w ci\u0105gu godziny, co pozwoli\u0142o mi tu zosta\u0107 do nast\u0119pnego poci\u0105gu i chwil\u0119 si\u0119 rozejrze\u0107. 2011-09-26<\/p>\n<\/div>\n","protected":false},"excerpt":{"rendered":"<p>810 622-1 po trzech minutach na zmian\u0119 kierunku za chwil\u0119 wykona kurs 27950 do odleg\u0142ych o 9 km B\u0159eznic. Trafi\u0142em akurat na popo\u0142udniowy szczyt z dwoma kursami w ci\u0105gu godziny, co pozwoli\u0142o mi tu zosta\u0107 do nast\u0119pnego poci\u0105gu i chwil\u0119 si\u0119 rozejrze\u0107. 2011-09-26<\/p>\n","protected":false},"author":1,"featured_media":6968,"comment_status":"open","ping_status":"","sticky":false,"template":"","format":"standard","meta":{"footnotes":""},"categories":[2,77],"tags":[1471,92,50,49,94,2488,2489],"class_list":["post-6967","post","type-post","status-publish","format-standard","has-post-thumbnail","hentry","category-kolej","category-rok-2011","tag-2011-09-26","tag-92","tag-cd","tag-czechy","tag-na-kolejowym-koncu-swiata","tag-rozmital-pod-tremsinem","tag-tab-cz204"],"_links":{"self":[{"href":"https:\/\/wgphoto.pl\/t\/index.php?rest_route=\/wp\/v2\/posts\/6967","targetHints":{"allow":["GET"]}}],"collection":[{"href":"https:\/\/wgphoto.pl\/t\/index.php?rest_route=\/wp\/v2\/posts"}],"about":[{"href":"https:\/\/wgphoto.pl\/t\/index.php?rest_route=\/wp\/v2\/types\/post"}],"author":[{"embeddable":true,"href":"https:\/\/wgphoto.pl\/t\/index.php?rest_route=\/wp\/v2\/users\/1"}],"replies":[{"embeddable":true,"href":"https:\/\/wgphoto.pl\/t\/index.php?rest_route=%2Fwp%2Fv2%2Fcomments&post=6967"}],"version-history":[{"count":1,"href":"https:\/\/wgphoto.pl\/t\/index.php?rest_route=\/wp\/v2\/posts\/6967\/revisions"}],"predecessor-version":[{"id":6969,"href":"https:\/\/wgphoto.pl\/t\/index.php?rest_route=\/wp\/v2\/posts\/6967\/revisions\/6969"}],"wp:featuredmedia":[{"embeddable":true,"href":"https:\/\/wgphoto.pl\/t\/index.php?rest_route=\/wp\/v2\/media\/6968"}],"wp:attachment":[{"href":"https:\/\/wgphoto.pl\/t\/index.php?rest_route=%2Fwp%2Fv2%2Fmedia&parent=6967"}],"wp:term":[{"taxonomy":"category","embeddable":true,"href":"https:\/\/wgphoto.pl\/t\/index.php?rest_route=%2Fwp%2Fv2%2Fcategories&post=6967"},{"taxonomy":"post_tag","embeddable":true,"href":"https:\/\/wgphoto.pl\/t\/index.php?rest_route=%2Fwp%2Fv2%2Ftags&post=6967"}],"curies":[{"name":"wp","href":"https:\/\/api.w.org\/{rel}","templated":true}]}}