{"id":6980,"date":"2024-12-08T12:41:08","date_gmt":"2024-12-08T11:41:08","guid":{"rendered":"https:\/\/wgphoto.pl\/t\/?p=6980"},"modified":"2024-12-08T12:41:25","modified_gmt":"2024-12-08T11:41:25","slug":"nasbypark","status":"publish","type":"post","link":"https:\/\/wgphoto.pl\/t\/?p=6980","title":{"rendered":"N\u00e4sbypark"},"content":{"rendered":"\n<figure class=\"wp-block-image aligncenter size-full\"><img loading=\"lazy\" decoding=\"async\" width=\"750\" height=\"1000\" src=\"https:\/\/wgphoto.pl\/t\/wp-content\/uploads\/2024\/12\/IMGP5827.jpg\" alt=\"\" class=\"wp-image-6981\" srcset=\"https:\/\/wgphoto.pl\/t\/wp-content\/uploads\/2024\/12\/IMGP5827.jpg 750w, https:\/\/wgphoto.pl\/t\/wp-content\/uploads\/2024\/12\/IMGP5827-225x300.jpg 225w\" sizes=\"auto, (max-width: 750px) 100vw, 750px\" \/><\/figure>\n\n\n\n<div class=\"wp-block-group has-global-padding is-layout-constrained wp-block-group-is-layout-constrained\">\n<p>Sk\u0142ad Roslagsbanan sko\u0144czy\u0142 bieg na przystanku N\u00e4sbypark w miejscowo\u015bci T\u00e4by w aglomeracji sztokholmskiej. Niskie s\u0142o\u0144ce tworzy d\u0142ugie i g\u0142\u0119bokie cienie, ale uda\u0142o si\u0119 po latach co\u015b z tego kadru wyci\u0105gn\u0105\u0107. 08.12.2011<\/p>\n<\/div>\n","protected":false},"excerpt":{"rendered":"<p>Sk\u0142ad Roslagsbanan sko\u0144czy\u0142 bieg na przystanku N\u00e4sbypark w miejscowo\u015bci T\u00e4by w aglomeracji sztokholmskiej. Niskie s\u0142o\u0144ce tworzy d\u0142ugie i g\u0142\u0119bokie cienie, ale uda\u0142o si\u0119 po latach co\u015b z tego kadru wyci\u0105gn\u0105\u0107. 08.12.2011<\/p>\n","protected":false},"author":1,"featured_media":6981,"comment_status":"open","ping_status":"","sticky":false,"template":"","format":"standard","meta":{"footnotes":""},"categories":[2,128,77],"tags":[1130,1374,173,94,2296,682,686,685],"class_list":["post-6980","post","type-post","status-publish","format-standard","has-post-thumbnail","hentry","category-kolej","category-pionowe","category-rok-2011","tag-2011-12-08","tag-kolej-podmiejska","tag-koncowki","tag-na-kolejowym-koncu-swiata","tag-roslagsbanan","tag-sl-stockholm","tag-sztokholm","tag-szwecja"],"_links":{"self":[{"href":"https:\/\/wgphoto.pl\/t\/index.php?rest_route=\/wp\/v2\/posts\/6980","targetHints":{"allow":["GET"]}}],"collection":[{"href":"https:\/\/wgphoto.pl\/t\/index.php?rest_route=\/wp\/v2\/posts"}],"about":[{"href":"https:\/\/wgphoto.pl\/t\/index.php?rest_route=\/wp\/v2\/types\/post"}],"author":[{"embeddable":true,"href":"https:\/\/wgphoto.pl\/t\/index.php?rest_route=\/wp\/v2\/users\/1"}],"replies":[{"embeddable":true,"href":"https:\/\/wgphoto.pl\/t\/index.php?rest_route=%2Fwp%2Fv2%2Fcomments&post=6980"}],"version-history":[{"count":1,"href":"https:\/\/wgphoto.pl\/t\/index.php?rest_route=\/wp\/v2\/posts\/6980\/revisions"}],"predecessor-version":[{"id":6982,"href":"https:\/\/wgphoto.pl\/t\/index.php?rest_route=\/wp\/v2\/posts\/6980\/revisions\/6982"}],"wp:featuredmedia":[{"embeddable":true,"href":"https:\/\/wgphoto.pl\/t\/index.php?rest_route=\/wp\/v2\/media\/6981"}],"wp:attachment":[{"href":"https:\/\/wgphoto.pl\/t\/index.php?rest_route=%2Fwp%2Fv2%2Fmedia&parent=6980"}],"wp:term":[{"taxonomy":"category","embeddable":true,"href":"https:\/\/wgphoto.pl\/t\/index.php?rest_route=%2Fwp%2Fv2%2Fcategories&post=6980"},{"taxonomy":"post_tag","embeddable":true,"href":"https:\/\/wgphoto.pl\/t\/index.php?rest_route=%2Fwp%2Fv2%2Ftags&post=6980"}],"curies":[{"name":"wp","href":"https:\/\/api.w.org\/{rel}","templated":true}]}}