{"id":6983,"date":"2024-12-08T16:04:41","date_gmt":"2024-12-08T15:04:41","guid":{"rendered":"https:\/\/wgphoto.pl\/t\/?p=6983"},"modified":"2024-12-08T16:04:41","modified_gmt":"2024-12-08T15:04:41","slug":"moravsky-beroun","status":"publish","type":"post","link":"https:\/\/wgphoto.pl\/t\/?p=6983","title":{"rendered":"Moravsk\u00fd Beroun"},"content":{"rendered":"\n<figure class=\"wp-block-image aligncenter size-full\"><img loading=\"lazy\" decoding=\"async\" width=\"1400\" height=\"928\" src=\"https:\/\/wgphoto.pl\/t\/wp-content\/uploads\/2024\/12\/0731-05a.jpg\" alt=\"\" class=\"wp-image-6984\" srcset=\"https:\/\/wgphoto.pl\/t\/wp-content\/uploads\/2024\/12\/0731-05a.jpg 1400w, https:\/\/wgphoto.pl\/t\/wp-content\/uploads\/2024\/12\/0731-05a-300x199.jpg 300w, https:\/\/wgphoto.pl\/t\/wp-content\/uploads\/2024\/12\/0731-05a-768x509.jpg 768w\" sizes=\"auto, (max-width: 1400px) 100vw, 1400px\" \/><\/figure>\n\n\n\n<div class=\"wp-block-group has-global-padding is-layout-constrained wp-block-group-is-layout-constrained\">\n<p>Motorowy w\u00f3z 851.019 z poci\u0105giem osobowym 3529 z O\u0142omu\u0144ca hl.n. sko\u0144czy\u0142 bieg na stacji Moravsk\u00fd Beroun. 14.09.2007<\/p>\n<\/div>\n","protected":false},"excerpt":{"rendered":"<p>Motorowy w\u00f3z 851.019 z poci\u0105giem osobowym 3529 z O\u0142omu\u0144ca hl.n. sko\u0144czy\u0142 bieg na stacji Moravsk\u00fd Beroun. 14.09.2007<\/p>\n","protected":false},"author":1,"featured_media":6984,"comment_status":"open","ping_status":"","sticky":false,"template":"","format":"standard","meta":{"footnotes":""},"categories":[62,2,96],"tags":[2425,285,50,49,2147,196,2491,1141],"class_list":["post-6983","post","type-post","status-publish","format-standard","has-post-thumbnail","hentry","category-analog","category-kolej","category-rok-2007","tag-2007-09-14","tag-285","tag-cd","tag-czechy","tag-czechy-po-raz-pierwszy","tag-linie-raczej-lokalne","tag-moravsky-beroun","tag-tab-cz310"],"_links":{"self":[{"href":"https:\/\/wgphoto.pl\/t\/index.php?rest_route=\/wp\/v2\/posts\/6983","targetHints":{"allow":["GET"]}}],"collection":[{"href":"https:\/\/wgphoto.pl\/t\/index.php?rest_route=\/wp\/v2\/posts"}],"about":[{"href":"https:\/\/wgphoto.pl\/t\/index.php?rest_route=\/wp\/v2\/types\/post"}],"author":[{"embeddable":true,"href":"https:\/\/wgphoto.pl\/t\/index.php?rest_route=\/wp\/v2\/users\/1"}],"replies":[{"embeddable":true,"href":"https:\/\/wgphoto.pl\/t\/index.php?rest_route=%2Fwp%2Fv2%2Fcomments&post=6983"}],"version-history":[{"count":1,"href":"https:\/\/wgphoto.pl\/t\/index.php?rest_route=\/wp\/v2\/posts\/6983\/revisions"}],"predecessor-version":[{"id":6985,"href":"https:\/\/wgphoto.pl\/t\/index.php?rest_route=\/wp\/v2\/posts\/6983\/revisions\/6985"}],"wp:featuredmedia":[{"embeddable":true,"href":"https:\/\/wgphoto.pl\/t\/index.php?rest_route=\/wp\/v2\/media\/6984"}],"wp:attachment":[{"href":"https:\/\/wgphoto.pl\/t\/index.php?rest_route=%2Fwp%2Fv2%2Fmedia&parent=6983"}],"wp:term":[{"taxonomy":"category","embeddable":true,"href":"https:\/\/wgphoto.pl\/t\/index.php?rest_route=%2Fwp%2Fv2%2Fcategories&post=6983"},{"taxonomy":"post_tag","embeddable":true,"href":"https:\/\/wgphoto.pl\/t\/index.php?rest_route=%2Fwp%2Fv2%2Ftags&post=6983"}],"curies":[{"name":"wp","href":"https:\/\/api.w.org\/{rel}","templated":true}]}}