{"id":6986,"date":"2024-12-08T17:38:30","date_gmt":"2024-12-08T16:38:30","guid":{"rendered":"https:\/\/wgphoto.pl\/t\/?p=6986"},"modified":"2024-12-08T17:38:30","modified_gmt":"2024-12-08T16:38:30","slug":"rowerowe-towarowe","status":"publish","type":"post","link":"https:\/\/wgphoto.pl\/t\/?p=6986","title":{"rendered":"Rowerowe towarowe"},"content":{"rendered":"\n<figure class=\"wp-block-image aligncenter size-full\"><img loading=\"lazy\" decoding=\"async\" width=\"1300\" height=\"862\" src=\"https:\/\/wgphoto.pl\/t\/wp-content\/uploads\/2024\/12\/2002r2-14a.jpg\" alt=\"\" class=\"wp-image-6987\" srcset=\"https:\/\/wgphoto.pl\/t\/wp-content\/uploads\/2024\/12\/2002r2-14a.jpg 1300w, https:\/\/wgphoto.pl\/t\/wp-content\/uploads\/2024\/12\/2002r2-14a-300x199.jpg 300w, https:\/\/wgphoto.pl\/t\/wp-content\/uploads\/2024\/12\/2002r2-14a-768x509.jpg 768w\" sizes=\"auto, (max-width: 1300px) 100vw, 1300px\" \/><\/figure>\n\n\n\n<div class=\"wp-block-group has-global-padding is-layout-constrained wp-block-group-is-layout-constrained\">\n<p>Lokomotywa 1044.033-7 z bli\u017cej nieokre\u015blonym sk\u0142adem wje\u017cd\u017ca w perony dworca Wien Westbahnhof. Szkoda \u017ce nie wida\u0107 dalszej cz\u0119\u015bci poci\u0105gu, ale wagony towarowe obok pasa\u017cerskich klasy Z1 wygl\u0105daj\u0105 interesuj\u0105co. 25.07.2002<\/p>\n<\/div>\n","protected":false},"excerpt":{"rendered":"<p>Lokomotywa 1044.033-7 z bli\u017cej nieokre\u015blonym sk\u0142adem wje\u017cd\u017ca w perony dworca Wien Westbahnhof. Szkoda \u017ce nie wida\u0107 dalszej cz\u0119\u015bci poci\u0105gu, ale wagony towarowe obok pasa\u017cerskich klasy Z1 wygl\u0105daj\u0105 interesuj\u0105co. 25.07.2002<\/p>\n","protected":false},"author":1,"featured_media":6987,"comment_status":"open","ping_status":"","sticky":false,"template":"","format":"standard","meta":{"footnotes":""},"categories":[62,2,577],"tags":[2492,1535,9,11,265,97,579],"class_list":["post-6986","post","type-post","status-publish","format-standard","has-post-thumbnail","hentry","category-analog","category-kolej","category-rok-2002","tag-2492","tag-2002-07-25","tag-austria","tag-obb","tag-wagon","tag-wieden","tag-wien-westbahnhof"],"_links":{"self":[{"href":"https:\/\/wgphoto.pl\/t\/index.php?rest_route=\/wp\/v2\/posts\/6986","targetHints":{"allow":["GET"]}}],"collection":[{"href":"https:\/\/wgphoto.pl\/t\/index.php?rest_route=\/wp\/v2\/posts"}],"about":[{"href":"https:\/\/wgphoto.pl\/t\/index.php?rest_route=\/wp\/v2\/types\/post"}],"author":[{"embeddable":true,"href":"https:\/\/wgphoto.pl\/t\/index.php?rest_route=\/wp\/v2\/users\/1"}],"replies":[{"embeddable":true,"href":"https:\/\/wgphoto.pl\/t\/index.php?rest_route=%2Fwp%2Fv2%2Fcomments&post=6986"}],"version-history":[{"count":1,"href":"https:\/\/wgphoto.pl\/t\/index.php?rest_route=\/wp\/v2\/posts\/6986\/revisions"}],"predecessor-version":[{"id":6988,"href":"https:\/\/wgphoto.pl\/t\/index.php?rest_route=\/wp\/v2\/posts\/6986\/revisions\/6988"}],"wp:featuredmedia":[{"embeddable":true,"href":"https:\/\/wgphoto.pl\/t\/index.php?rest_route=\/wp\/v2\/media\/6987"}],"wp:attachment":[{"href":"https:\/\/wgphoto.pl\/t\/index.php?rest_route=%2Fwp%2Fv2%2Fmedia&parent=6986"}],"wp:term":[{"taxonomy":"category","embeddable":true,"href":"https:\/\/wgphoto.pl\/t\/index.php?rest_route=%2Fwp%2Fv2%2Fcategories&post=6986"},{"taxonomy":"post_tag","embeddable":true,"href":"https:\/\/wgphoto.pl\/t\/index.php?rest_route=%2Fwp%2Fv2%2Ftags&post=6986"}],"curies":[{"name":"wp","href":"https:\/\/api.w.org\/{rel}","templated":true}]}}