{"id":7002,"date":"2024-12-08T17:43:42","date_gmt":"2024-12-08T16:43:42","guid":{"rendered":"https:\/\/wgphoto.pl\/t\/?p=7002"},"modified":"2024-12-08T17:43:42","modified_gmt":"2024-12-08T16:43:42","slug":"maly-tramwaj-w-wielkim-miescie","status":"publish","type":"post","link":"https:\/\/wgphoto.pl\/t\/?p=7002","title":{"rendered":"Ma\u0142y tramwaj w wielkim mie\u015bcie"},"content":{"rendered":"\n<figure class=\"wp-block-image aligncenter size-full\"><img loading=\"lazy\" decoding=\"async\" width=\"1300\" height=\"861\" src=\"https:\/\/wgphoto.pl\/t\/wp-content\/uploads\/2024\/12\/IMGP0528.jpg\" alt=\"\" class=\"wp-image-7003\" srcset=\"https:\/\/wgphoto.pl\/t\/wp-content\/uploads\/2024\/12\/IMGP0528.jpg 1300w, https:\/\/wgphoto.pl\/t\/wp-content\/uploads\/2024\/12\/IMGP0528-300x199.jpg 300w, https:\/\/wgphoto.pl\/t\/wp-content\/uploads\/2024\/12\/IMGP0528-768x509.jpg 768w\" sizes=\"auto, (max-width: 1300px) 100vw, 1300px\" \/><\/figure>\n\n\n\n<div class=\"wp-block-group has-global-padding is-layout-constrained wp-block-group-is-layout-constrained\">\n<p>Antwerpia, Frankrijklei. Siemens MGT6-1-1 nr 7221 wyje\u017cd\u017ca z jednego z tuneli pod centrum miasta. Na dalszym naziemnym odcinku trwa\u0142a akurat przebudowa. 15.08.2018<\/p>\n<\/div>\n","protected":false},"excerpt":{"rendered":"<p>Antwerpia, Frankrijklei. Siemens MGT6-1-1 nr 7221 wyje\u017cd\u017ca z jednego z tuneli pod centrum miasta. Na dalszym naziemnym odcinku trwa\u0142a akurat przebudowa. 15.08.2018<\/p>\n","protected":false},"author":1,"featured_media":7003,"comment_status":"open","ping_status":"","sticky":false,"template":"","format":"standard","meta":{"footnotes":""},"categories":[156,3],"tags":[1416,1414,695,696,1415,853,15],"class_list":["post-7002","post","type-post","status-publish","format-standard","has-post-thumbnail","hentry","category-rok-2018","category-tramwaj","tag-2018-08-15","tag-antwerpia","tag-belgia","tag-belgia-2018","tag-de-lijn","tag-sachsen-tram","tag-tunel"],"_links":{"self":[{"href":"https:\/\/wgphoto.pl\/t\/index.php?rest_route=\/wp\/v2\/posts\/7002","targetHints":{"allow":["GET"]}}],"collection":[{"href":"https:\/\/wgphoto.pl\/t\/index.php?rest_route=\/wp\/v2\/posts"}],"about":[{"href":"https:\/\/wgphoto.pl\/t\/index.php?rest_route=\/wp\/v2\/types\/post"}],"author":[{"embeddable":true,"href":"https:\/\/wgphoto.pl\/t\/index.php?rest_route=\/wp\/v2\/users\/1"}],"replies":[{"embeddable":true,"href":"https:\/\/wgphoto.pl\/t\/index.php?rest_route=%2Fwp%2Fv2%2Fcomments&post=7002"}],"version-history":[{"count":1,"href":"https:\/\/wgphoto.pl\/t\/index.php?rest_route=\/wp\/v2\/posts\/7002\/revisions"}],"predecessor-version":[{"id":7004,"href":"https:\/\/wgphoto.pl\/t\/index.php?rest_route=\/wp\/v2\/posts\/7002\/revisions\/7004"}],"wp:featuredmedia":[{"embeddable":true,"href":"https:\/\/wgphoto.pl\/t\/index.php?rest_route=\/wp\/v2\/media\/7003"}],"wp:attachment":[{"href":"https:\/\/wgphoto.pl\/t\/index.php?rest_route=%2Fwp%2Fv2%2Fmedia&parent=7002"}],"wp:term":[{"taxonomy":"category","embeddable":true,"href":"https:\/\/wgphoto.pl\/t\/index.php?rest_route=%2Fwp%2Fv2%2Fcategories&post=7002"},{"taxonomy":"post_tag","embeddable":true,"href":"https:\/\/wgphoto.pl\/t\/index.php?rest_route=%2Fwp%2Fv2%2Ftags&post=7002"}],"curies":[{"name":"wp","href":"https:\/\/api.w.org\/{rel}","templated":true}]}}