{"id":7014,"date":"2024-12-08T17:48:39","date_gmt":"2024-12-08T16:48:39","guid":{"rendered":"https:\/\/wgphoto.pl\/t\/?p=7014"},"modified":"2024-12-08T17:48:39","modified_gmt":"2024-12-08T16:48:39","slug":"szczecin-nie-berlin","status":"publish","type":"post","link":"https:\/\/wgphoto.pl\/t\/?p=7014","title":{"rendered":"Szczecin nie Berlin"},"content":{"rendered":"\n<figure class=\"wp-block-image aligncenter size-full\"><img loading=\"lazy\" decoding=\"async\" width=\"773\" height=\"1000\" src=\"https:\/\/wgphoto.pl\/t\/wp-content\/uploads\/2024\/12\/IMGP2624-1.jpg\" alt=\"\" class=\"wp-image-7015\" srcset=\"https:\/\/wgphoto.pl\/t\/wp-content\/uploads\/2024\/12\/IMGP2624-1.jpg 773w, https:\/\/wgphoto.pl\/t\/wp-content\/uploads\/2024\/12\/IMGP2624-1-232x300.jpg 232w, https:\/\/wgphoto.pl\/t\/wp-content\/uploads\/2024\/12\/IMGP2624-1-768x994.jpg 768w\" sizes=\"auto, (max-width: 773px) 100vw, 773px\" \/><\/figure>\n\n\n\n<div class=\"wp-block-group has-global-padding is-layout-constrained wp-block-group-is-layout-constrained\">\n<p>\u2026i ma swoj\u0105 stoczni\u0119 oraz tramwaje w cudzych barwach. Sk\u0142ad Tatr T6A2 249+250 (ex-Berlin) za chwil\u0119 zako\u0144czy kurs na p\u0119tli przy ul. Ludowej. 11.07.2021<\/p>\n<\/div>\n","protected":false},"excerpt":{"rendered":"<p>\u2026i ma swoj\u0105 stoczni\u0119 oraz tramwaje w cudzych barwach. Sk\u0142ad Tatr T6A2 249+250 (ex-Berlin) za chwil\u0119 zako\u0144czy kurs na p\u0119tli przy ul. Ludowej. 11.07.2021<\/p>\n","protected":false},"author":1,"featured_media":7015,"comment_status":"open","ping_status":"","sticky":false,"template":"","format":"standard","meta":{"footnotes":""},"categories":[128,681,3],"tags":[2496,303,27,301,841,302],"class_list":["post-7014","post","type-post","status-publish","format-standard","has-post-thumbnail","hentry","category-pionowe","category-rok-2021","category-tramwaj","tag-2021-07-11","tag-industrial","tag-polska","tag-szczecin","tag-tatra-t6","tag-tramwaje-szczecinskie"],"_links":{"self":[{"href":"https:\/\/wgphoto.pl\/t\/index.php?rest_route=\/wp\/v2\/posts\/7014","targetHints":{"allow":["GET"]}}],"collection":[{"href":"https:\/\/wgphoto.pl\/t\/index.php?rest_route=\/wp\/v2\/posts"}],"about":[{"href":"https:\/\/wgphoto.pl\/t\/index.php?rest_route=\/wp\/v2\/types\/post"}],"author":[{"embeddable":true,"href":"https:\/\/wgphoto.pl\/t\/index.php?rest_route=\/wp\/v2\/users\/1"}],"replies":[{"embeddable":true,"href":"https:\/\/wgphoto.pl\/t\/index.php?rest_route=%2Fwp%2Fv2%2Fcomments&post=7014"}],"version-history":[{"count":1,"href":"https:\/\/wgphoto.pl\/t\/index.php?rest_route=\/wp\/v2\/posts\/7014\/revisions"}],"predecessor-version":[{"id":7016,"href":"https:\/\/wgphoto.pl\/t\/index.php?rest_route=\/wp\/v2\/posts\/7014\/revisions\/7016"}],"wp:featuredmedia":[{"embeddable":true,"href":"https:\/\/wgphoto.pl\/t\/index.php?rest_route=\/wp\/v2\/media\/7015"}],"wp:attachment":[{"href":"https:\/\/wgphoto.pl\/t\/index.php?rest_route=%2Fwp%2Fv2%2Fmedia&parent=7014"}],"wp:term":[{"taxonomy":"category","embeddable":true,"href":"https:\/\/wgphoto.pl\/t\/index.php?rest_route=%2Fwp%2Fv2%2Fcategories&post=7014"},{"taxonomy":"post_tag","embeddable":true,"href":"https:\/\/wgphoto.pl\/t\/index.php?rest_route=%2Fwp%2Fv2%2Ftags&post=7014"}],"curies":[{"name":"wp","href":"https:\/\/api.w.org\/{rel}","templated":true}]}}