{"id":702,"date":"2024-09-30T19:09:15","date_gmt":"2024-09-30T17:09:15","guid":{"rendered":"https:\/\/wgphoto.pl\/t\/?p=702"},"modified":"2025-07-02T21:08:54","modified_gmt":"2025-07-02T19:08:54","slug":"ide-srodkiem","status":"publish","type":"post","link":"https:\/\/wgphoto.pl\/t\/?p=702","title":{"rendered":"Id\u0119 \u015brodkiem"},"content":{"rendered":"\n<figure class=\"wp-block-image aligncenter size-full\"><img loading=\"lazy\" decoding=\"async\" width=\"1200\" height=\"800\" src=\"https:\/\/wgphoto.pl\/t\/wp-content\/uploads\/2024\/09\/0814-34a.jpg\" alt=\"\" class=\"wp-image-703\" srcset=\"https:\/\/wgphoto.pl\/t\/wp-content\/uploads\/2024\/09\/0814-34a.jpg 1200w, https:\/\/wgphoto.pl\/t\/wp-content\/uploads\/2024\/09\/0814-34a-300x200.jpg 300w, https:\/\/wgphoto.pl\/t\/wp-content\/uploads\/2024\/09\/0814-34a-768x512.jpg 768w\" sizes=\"auto, (max-width: 1200px) 100vw, 1200px\" \/><\/figure>\n\n\n\n<div class=\"wp-block-group has-global-padding is-layout-constrained wp-block-group-is-layout-constrained\">\n<p>Brno, Palack\u00e9ho t\u0159\u00edda. Brne\u0144ski w\u00f3wczas rodzynek, RT6N1 1801, uruchomiony po 5 latach odstawki jako pierwszy z czterech tutejszych pojazd\u00f3w tego typu. Od lipca do wrze\u015bnia 2008 roku wagon odbywa\u0142 jazdy z pasa\u017cerami w ramach eksploatacji obserwowanej. Pr\u00f3by zako\u0144czy\u0142y si\u0119 pomy\u015blnie, co poskutkowa\u0142o wydaniem dopuszczenia do ruchu serii RT6N1 na terenie Czech w grudniu 2008 roku, po 15 latach od budowy prototypu tej bardzo awaryjnej serii tramwaj\u00f3w.<br>A pani w r\u00f3\u017cowej bluzce bardzo chcia\u0142a si\u0119 pokaza\u0107 na zdj\u0119ciu. \ud83d\ude09 12.09.2008<\/p>\n<\/div>\n","protected":false},"excerpt":{"rendered":"<p>Brno, Palack\u00e9ho t\u0159\u00edda. Brne\u0144ski w\u00f3wczas rodzynek, RT6N1 1801, uruchomiony po 5 latach odstawki jako pierwszy z czterech tutejszych pojazd\u00f3w tego typu. Od lipca do wrze\u015bnia 2008 roku wagon odbywa\u0142 jazdy z pasa\u017cerami w ramach eksploatacji obserwowanej. Pr\u00f3by zako\u0144czy\u0142y si\u0119 pomy\u015blnie, co poskutkowa\u0142o wydaniem dopuszczenia do ruchu serii RT6N1 na terenie Czech w grudniu 2008 roku, [&hellip;]<\/p>\n","protected":false},"author":1,"featured_media":703,"comment_status":"open","ping_status":"","sticky":false,"template":"","format":"standard","meta":{"footnotes":""},"categories":[62,120,3],"tags":[329,328,49,330,151,1559],"class_list":["post-702","post","type-post","status-publish","format-standard","has-post-thumbnail","hentry","category-analog","category-rok-2008","category-tramwaj","tag-2008-09-12","tag-brno","tag-czechy","tag-dpmb-brno","tag-ludzie","tag-tatra-rt6"],"_links":{"self":[{"href":"https:\/\/wgphoto.pl\/t\/index.php?rest_route=\/wp\/v2\/posts\/702","targetHints":{"allow":["GET"]}}],"collection":[{"href":"https:\/\/wgphoto.pl\/t\/index.php?rest_route=\/wp\/v2\/posts"}],"about":[{"href":"https:\/\/wgphoto.pl\/t\/index.php?rest_route=\/wp\/v2\/types\/post"}],"author":[{"embeddable":true,"href":"https:\/\/wgphoto.pl\/t\/index.php?rest_route=\/wp\/v2\/users\/1"}],"replies":[{"embeddable":true,"href":"https:\/\/wgphoto.pl\/t\/index.php?rest_route=%2Fwp%2Fv2%2Fcomments&post=702"}],"version-history":[{"count":1,"href":"https:\/\/wgphoto.pl\/t\/index.php?rest_route=\/wp\/v2\/posts\/702\/revisions"}],"predecessor-version":[{"id":704,"href":"https:\/\/wgphoto.pl\/t\/index.php?rest_route=\/wp\/v2\/posts\/702\/revisions\/704"}],"wp:featuredmedia":[{"embeddable":true,"href":"https:\/\/wgphoto.pl\/t\/index.php?rest_route=\/wp\/v2\/media\/703"}],"wp:attachment":[{"href":"https:\/\/wgphoto.pl\/t\/index.php?rest_route=%2Fwp%2Fv2%2Fmedia&parent=702"}],"wp:term":[{"taxonomy":"category","embeddable":true,"href":"https:\/\/wgphoto.pl\/t\/index.php?rest_route=%2Fwp%2Fv2%2Fcategories&post=702"},{"taxonomy":"post_tag","embeddable":true,"href":"https:\/\/wgphoto.pl\/t\/index.php?rest_route=%2Fwp%2Fv2%2Ftags&post=702"}],"curies":[{"name":"wp","href":"https:\/\/api.w.org\/{rel}","templated":true}]}}