{"id":7044,"date":"2024-12-08T18:02:44","date_gmt":"2024-12-08T17:02:44","guid":{"rendered":"https:\/\/wgphoto.pl\/t\/?p=7044"},"modified":"2024-12-08T18:02:44","modified_gmt":"2024-12-08T17:02:44","slug":"sentymentem-nie-darze","status":"publish","type":"post","link":"https:\/\/wgphoto.pl\/t\/?p=7044","title":{"rendered":"Sentymentem nie darz\u0119"},"content":{"rendered":"\n<figure class=\"wp-block-image aligncenter size-full\"><img loading=\"lazy\" decoding=\"async\" width=\"1300\" height=\"862\" src=\"https:\/\/wgphoto.pl\/t\/wp-content\/uploads\/2024\/12\/0731-08a.jpg\" alt=\"\" class=\"wp-image-7045\" srcset=\"https:\/\/wgphoto.pl\/t\/wp-content\/uploads\/2024\/12\/0731-08a.jpg 1300w, https:\/\/wgphoto.pl\/t\/wp-content\/uploads\/2024\/12\/0731-08a-300x199.jpg 300w, https:\/\/wgphoto.pl\/t\/wp-content\/uploads\/2024\/12\/0731-08a-768x509.jpg 768w\" sizes=\"auto, (max-width: 1300px) 100vw, 1300px\" \/><\/figure>\n\n\n\n<div class=\"wp-block-group has-global-padding is-layout-constrained wp-block-group-is-layout-constrained\">\n<p>Na stacji Brunt\u00e1l stoi poci\u0105g pospieszny 823 Olomouc hl.n. &#8211; Krnov (z ty\u0142u wagon sterowniczy 943.006-7) oraz motorak 809.282-7, kt\u00f3ry odjedzie jako poci\u0105g osobowy 23514 do R\u00fdma\u0159ova. Jako\u015b nie darz\u0119 sentymentem tego miejsca, gdy\u017c w barze dworcowym w porze obiadowej nie mieli nic ciep\u0142ego do jedzenia &#8211; czy\u017c to nie powa\u017cny pow\u00f3d? \ud83d\ude09 14.09.2007<\/p>\n<\/div>\n","protected":false},"excerpt":{"rendered":"<p>Na stacji Brunt\u00e1l stoi poci\u0105g pospieszny 823 Olomouc hl.n. &#8211; Krnov (z ty\u0142u wagon sterowniczy 943.006-7) oraz motorak 809.282-7, kt\u00f3ry odjedzie jako poci\u0105g osobowy 23514 do R\u00fdma\u0159ova. Jako\u015b nie darz\u0119 sentymentem tego miejsca, gdy\u017c w barze dworcowym w porze obiadowej nie mieli nic ciep\u0142ego do jedzenia &#8211; czy\u017c to nie powa\u017cny pow\u00f3d? \ud83d\ude09 14.09.2007<\/p>\n","protected":false},"author":1,"featured_media":7045,"comment_status":"open","ping_status":"","sticky":false,"template":"","format":"standard","meta":{"footnotes":""},"categories":[62,2,96],"tags":[2425,92,2211,2499,50,49,2147,196,1141,1869],"class_list":["post-7044","post","type-post","status-publish","format-standard","has-post-thumbnail","hentry","category-analog","category-kolej","category-rok-2007","tag-2007-09-14","tag-92","tag-2211","tag-bruntal","tag-cd","tag-czechy","tag-czechy-po-raz-pierwszy","tag-linie-raczej-lokalne","tag-tab-cz310","tag-wagon-sterowniczy"],"_links":{"self":[{"href":"https:\/\/wgphoto.pl\/t\/index.php?rest_route=\/wp\/v2\/posts\/7044","targetHints":{"allow":["GET"]}}],"collection":[{"href":"https:\/\/wgphoto.pl\/t\/index.php?rest_route=\/wp\/v2\/posts"}],"about":[{"href":"https:\/\/wgphoto.pl\/t\/index.php?rest_route=\/wp\/v2\/types\/post"}],"author":[{"embeddable":true,"href":"https:\/\/wgphoto.pl\/t\/index.php?rest_route=\/wp\/v2\/users\/1"}],"replies":[{"embeddable":true,"href":"https:\/\/wgphoto.pl\/t\/index.php?rest_route=%2Fwp%2Fv2%2Fcomments&post=7044"}],"version-history":[{"count":1,"href":"https:\/\/wgphoto.pl\/t\/index.php?rest_route=\/wp\/v2\/posts\/7044\/revisions"}],"predecessor-version":[{"id":7046,"href":"https:\/\/wgphoto.pl\/t\/index.php?rest_route=\/wp\/v2\/posts\/7044\/revisions\/7046"}],"wp:featuredmedia":[{"embeddable":true,"href":"https:\/\/wgphoto.pl\/t\/index.php?rest_route=\/wp\/v2\/media\/7045"}],"wp:attachment":[{"href":"https:\/\/wgphoto.pl\/t\/index.php?rest_route=%2Fwp%2Fv2%2Fmedia&parent=7044"}],"wp:term":[{"taxonomy":"category","embeddable":true,"href":"https:\/\/wgphoto.pl\/t\/index.php?rest_route=%2Fwp%2Fv2%2Fcategories&post=7044"},{"taxonomy":"post_tag","embeddable":true,"href":"https:\/\/wgphoto.pl\/t\/index.php?rest_route=%2Fwp%2Fv2%2Ftags&post=7044"}],"curies":[{"name":"wp","href":"https:\/\/api.w.org\/{rel}","templated":true}]}}