{"id":7050,"date":"2024-12-08T18:04:45","date_gmt":"2024-12-08T17:04:45","guid":{"rendered":"https:\/\/wgphoto.pl\/t\/?p=7050"},"modified":"2024-12-08T18:04:45","modified_gmt":"2024-12-08T17:04:45","slug":"kosciol-pozostal","status":"publish","type":"post","link":"https:\/\/wgphoto.pl\/t\/?p=7050","title":{"rendered":"Ko\u015bci\u00f3\u0142 pozosta\u0142"},"content":{"rendered":"\n<figure class=\"wp-block-image aligncenter size-full\"><img loading=\"lazy\" decoding=\"async\" width=\"1300\" height=\"867\" src=\"https:\/\/wgphoto.pl\/t\/wp-content\/uploads\/2024\/12\/0812-35.jpg\" alt=\"\" class=\"wp-image-7051\" srcset=\"https:\/\/wgphoto.pl\/t\/wp-content\/uploads\/2024\/12\/0812-35.jpg 1300w, https:\/\/wgphoto.pl\/t\/wp-content\/uploads\/2024\/12\/0812-35-300x200.jpg 300w, https:\/\/wgphoto.pl\/t\/wp-content\/uploads\/2024\/12\/0812-35-768x512.jpg 768w\" sizes=\"auto, (max-width: 1300px) 100vw, 1300px\" \/><\/figure>\n\n\n\n<div class=\"wp-block-group has-global-padding is-layout-constrained wp-block-group-is-layout-constrained\">\n<p>Most, t\u0159\u00edda Budovatel\u016f. Zestaw T3M3 307+301 rusza z przystanku &#8222;w\u0119z\u0142owego&#8221;, pozostawiaj\u0105c za sob\u0105 jedn\u0105 z niewielu pami\u0105tek po starym Mo\u015bcie. Widoczny w tle ko\u015bci\u00f3\u0142 pw. NMP w 1975 roku zosta\u0142 przesuni\u0119ty po szynach o 841 metr\u00f3w od swej pierwotnej lokalizacji, gdzie nast\u0119pnie powsta\u0142a odkrywkowa kopalnia w\u0119gla brunatnego. 09.09.2008<\/p>\n<\/div>\n","protected":false},"excerpt":{"rendered":"<p>Most, t\u0159\u00edda Budovatel\u016f. Zestaw T3M3 307+301 rusza z przystanku &#8222;w\u0119z\u0142owego&#8221;, pozostawiaj\u0105c za sob\u0105 jedn\u0105 z niewielu pami\u0105tek po starym Mo\u015bcie. Widoczny w tle ko\u015bci\u00f3\u0142 pw. NMP w 1975 roku zosta\u0142 przesuni\u0119ty po szynach o 841 metr\u00f3w od swej pierwotnej lokalizacji, gdzie nast\u0119pnie powsta\u0142a odkrywkowa kopalnia w\u0119gla brunatnego. 09.09.2008<\/p>\n","protected":false},"author":1,"featured_media":7051,"comment_status":"open","ping_status":"","sticky":false,"template":"","format":"standard","meta":{"footnotes":""},"categories":[62,120,3],"tags":[2500,49,1684,1683,1011],"class_list":["post-7050","post","type-post","status-publish","format-standard","has-post-thumbnail","hentry","category-analog","category-rok-2008","category-tramwaj","tag-2008-09-09","tag-czechy","tag-dp-most","tag-most-cz","tag-tatra-t3"],"_links":{"self":[{"href":"https:\/\/wgphoto.pl\/t\/index.php?rest_route=\/wp\/v2\/posts\/7050","targetHints":{"allow":["GET"]}}],"collection":[{"href":"https:\/\/wgphoto.pl\/t\/index.php?rest_route=\/wp\/v2\/posts"}],"about":[{"href":"https:\/\/wgphoto.pl\/t\/index.php?rest_route=\/wp\/v2\/types\/post"}],"author":[{"embeddable":true,"href":"https:\/\/wgphoto.pl\/t\/index.php?rest_route=\/wp\/v2\/users\/1"}],"replies":[{"embeddable":true,"href":"https:\/\/wgphoto.pl\/t\/index.php?rest_route=%2Fwp%2Fv2%2Fcomments&post=7050"}],"version-history":[{"count":1,"href":"https:\/\/wgphoto.pl\/t\/index.php?rest_route=\/wp\/v2\/posts\/7050\/revisions"}],"predecessor-version":[{"id":7052,"href":"https:\/\/wgphoto.pl\/t\/index.php?rest_route=\/wp\/v2\/posts\/7050\/revisions\/7052"}],"wp:featuredmedia":[{"embeddable":true,"href":"https:\/\/wgphoto.pl\/t\/index.php?rest_route=\/wp\/v2\/media\/7051"}],"wp:attachment":[{"href":"https:\/\/wgphoto.pl\/t\/index.php?rest_route=%2Fwp%2Fv2%2Fmedia&parent=7050"}],"wp:term":[{"taxonomy":"category","embeddable":true,"href":"https:\/\/wgphoto.pl\/t\/index.php?rest_route=%2Fwp%2Fv2%2Fcategories&post=7050"},{"taxonomy":"post_tag","embeddable":true,"href":"https:\/\/wgphoto.pl\/t\/index.php?rest_route=%2Fwp%2Fv2%2Ftags&post=7050"}],"curies":[{"name":"wp","href":"https:\/\/api.w.org\/{rel}","templated":true}]}}