{"id":7060,"date":"2024-12-08T18:57:23","date_gmt":"2024-12-08T17:57:23","guid":{"rendered":"https:\/\/wgphoto.pl\/t\/?p=7060"},"modified":"2024-12-08T18:57:23","modified_gmt":"2024-12-08T17:57:23","slug":"ku-gorze","status":"publish","type":"post","link":"https:\/\/wgphoto.pl\/t\/?p=7060","title":{"rendered":"Ku g\u00f3rze"},"content":{"rendered":"\n<figure class=\"wp-block-image aligncenter size-full\"><img loading=\"lazy\" decoding=\"async\" width=\"1400\" height=\"927\" src=\"http:\/\/wgphoto.pl\/t\/wp-content\/uploads\/2024\/12\/IMGP3174.jpg\" alt=\"\" class=\"wp-image-7061\" srcset=\"https:\/\/wgphoto.pl\/t\/wp-content\/uploads\/2024\/12\/IMGP3174.jpg 1400w, https:\/\/wgphoto.pl\/t\/wp-content\/uploads\/2024\/12\/IMGP3174-300x199.jpg 300w, https:\/\/wgphoto.pl\/t\/wp-content\/uploads\/2024\/12\/IMGP3174-768x509.jpg 768w\" sizes=\"auto, (max-width: 1400px) 100vw, 1400px\" \/><\/figure>\n\n\n\n<div class=\"wp-block-group has-global-padding is-layout-constrained wp-block-group-is-layout-constrained\">\n<p>Palermo, Via Emanuele Notarbartolo. Cityrunner nr 15 wyruszy\u0142 w\u0142a\u015bnie z kra\u0144ca zlokalizowanego przy stacji kolejowej w nied\u0142ug\u0105 tras\u0119 do podn\u00f3\u017cy widocznej w tle g\u00f3ry. To chyba b\u0119dzie Monte Cuccio mierz\u0105ca 1050 m n.p.m. 29.03.2019<\/p>\n<\/div>\n","protected":false},"excerpt":{"rendered":"<p>Palermo, Via Emanuele Notarbartolo. Cityrunner nr 15 wyruszy\u0142 w\u0142a\u015bnie z kra\u0144ca zlokalizowanego przy stacji kolejowej w nied\u0142ug\u0105 tras\u0119 do podn\u00f3\u017cy widocznej w tle g\u00f3ry. To chyba b\u0119dzie Monte Cuccio mierz\u0105ca 1050 m n.p.m. 29.03.2019<\/p>\n","protected":false},"author":1,"featured_media":7061,"comment_status":"open","ping_status":"","sticky":false,"template":"","format":"standard","meta":{"footnotes":""},"categories":[136,3],"tags":[431,185,114,173,430,422,110],"class_list":["post-7060","post","type-post","status-publish","format-standard","has-post-thumbnail","hentry","category-rok-2019","category-tramwaj","tag-2019-03-29","tag-cityrunner","tag-gory","tag-koncowki","tag-palermo","tag-sycylia","tag-wlochy"],"_links":{"self":[{"href":"https:\/\/wgphoto.pl\/t\/index.php?rest_route=\/wp\/v2\/posts\/7060","targetHints":{"allow":["GET"]}}],"collection":[{"href":"https:\/\/wgphoto.pl\/t\/index.php?rest_route=\/wp\/v2\/posts"}],"about":[{"href":"https:\/\/wgphoto.pl\/t\/index.php?rest_route=\/wp\/v2\/types\/post"}],"author":[{"embeddable":true,"href":"https:\/\/wgphoto.pl\/t\/index.php?rest_route=\/wp\/v2\/users\/1"}],"replies":[{"embeddable":true,"href":"https:\/\/wgphoto.pl\/t\/index.php?rest_route=%2Fwp%2Fv2%2Fcomments&post=7060"}],"version-history":[{"count":1,"href":"https:\/\/wgphoto.pl\/t\/index.php?rest_route=\/wp\/v2\/posts\/7060\/revisions"}],"predecessor-version":[{"id":7062,"href":"https:\/\/wgphoto.pl\/t\/index.php?rest_route=\/wp\/v2\/posts\/7060\/revisions\/7062"}],"wp:featuredmedia":[{"embeddable":true,"href":"https:\/\/wgphoto.pl\/t\/index.php?rest_route=\/wp\/v2\/media\/7061"}],"wp:attachment":[{"href":"https:\/\/wgphoto.pl\/t\/index.php?rest_route=%2Fwp%2Fv2%2Fmedia&parent=7060"}],"wp:term":[{"taxonomy":"category","embeddable":true,"href":"https:\/\/wgphoto.pl\/t\/index.php?rest_route=%2Fwp%2Fv2%2Fcategories&post=7060"},{"taxonomy":"post_tag","embeddable":true,"href":"https:\/\/wgphoto.pl\/t\/index.php?rest_route=%2Fwp%2Fv2%2Ftags&post=7060"}],"curies":[{"name":"wp","href":"https:\/\/api.w.org\/{rel}","templated":true}]}}