{"id":7063,"date":"2024-12-08T19:50:46","date_gmt":"2024-12-08T18:50:46","guid":{"rendered":"https:\/\/wgphoto.pl\/t\/?p=7063"},"modified":"2024-12-08T19:50:46","modified_gmt":"2024-12-08T18:50:46","slug":"warunki-nieidealne","status":"publish","type":"post","link":"https:\/\/wgphoto.pl\/t\/?p=7063","title":{"rendered":"Warunki nieidealne"},"content":{"rendered":"\n<figure class=\"wp-block-image aligncenter size-full\"><img loading=\"lazy\" decoding=\"async\" width=\"1300\" height=\"861\" src=\"https:\/\/wgphoto.pl\/t\/wp-content\/uploads\/2024\/12\/IMGP5796-1.jpg\" alt=\"\" class=\"wp-image-7064\" srcset=\"https:\/\/wgphoto.pl\/t\/wp-content\/uploads\/2024\/12\/IMGP5796-1.jpg 1300w, https:\/\/wgphoto.pl\/t\/wp-content\/uploads\/2024\/12\/IMGP5796-1-300x199.jpg 300w, https:\/\/wgphoto.pl\/t\/wp-content\/uploads\/2024\/12\/IMGP5796-1-768x509.jpg 768w\" sizes=\"auto, (max-width: 1300px) 100vw, 1300px\" \/><\/figure>\n\n\n\n<div class=\"wp-block-group has-global-padding is-layout-constrained wp-block-group-is-layout-constrained\">\n<p>Halle, Marktplatz. MGT6D 620 zatrzyma\u0142 si\u0119 na przystanku pod ratuszem, chocia\u017c pewien nie jestem, gdy\u017c nie wiem, czy Stadthaus jest Rathausem. \ud83d\ude09 13.08.2016<\/p>\n<\/div>\n","protected":false},"excerpt":{"rendered":"<p>Halle, Marktplatz. MGT6D 620 zatrzyma\u0142 si\u0119 na przystanku pod ratuszem, chocia\u017c pewien nie jestem, gdy\u017c nie wiem, czy Stadthaus jest Rathausem. \ud83d\ude09 13.08.2016<\/p>\n","protected":false},"author":1,"featured_media":7064,"comment_status":"open","ping_status":"","sticky":false,"template":"","format":"standard","meta":{"footnotes":""},"categories":[125,3],"tags":[1184,34,239,1802,1182,1183,23],"class_list":["post-7063","post","type-post","status-publish","format-standard","has-post-thumbnail","hentry","category-rok-2016","category-tramwaj","tag-2016-08-13","tag-architektura","tag-deptak","tag-duewag-ngtx","tag-halle","tag-hawag-halle","tag-niemcy"],"_links":{"self":[{"href":"https:\/\/wgphoto.pl\/t\/index.php?rest_route=\/wp\/v2\/posts\/7063","targetHints":{"allow":["GET"]}}],"collection":[{"href":"https:\/\/wgphoto.pl\/t\/index.php?rest_route=\/wp\/v2\/posts"}],"about":[{"href":"https:\/\/wgphoto.pl\/t\/index.php?rest_route=\/wp\/v2\/types\/post"}],"author":[{"embeddable":true,"href":"https:\/\/wgphoto.pl\/t\/index.php?rest_route=\/wp\/v2\/users\/1"}],"replies":[{"embeddable":true,"href":"https:\/\/wgphoto.pl\/t\/index.php?rest_route=%2Fwp%2Fv2%2Fcomments&post=7063"}],"version-history":[{"count":1,"href":"https:\/\/wgphoto.pl\/t\/index.php?rest_route=\/wp\/v2\/posts\/7063\/revisions"}],"predecessor-version":[{"id":7065,"href":"https:\/\/wgphoto.pl\/t\/index.php?rest_route=\/wp\/v2\/posts\/7063\/revisions\/7065"}],"wp:featuredmedia":[{"embeddable":true,"href":"https:\/\/wgphoto.pl\/t\/index.php?rest_route=\/wp\/v2\/media\/7064"}],"wp:attachment":[{"href":"https:\/\/wgphoto.pl\/t\/index.php?rest_route=%2Fwp%2Fv2%2Fmedia&parent=7063"}],"wp:term":[{"taxonomy":"category","embeddable":true,"href":"https:\/\/wgphoto.pl\/t\/index.php?rest_route=%2Fwp%2Fv2%2Fcategories&post=7063"},{"taxonomy":"post_tag","embeddable":true,"href":"https:\/\/wgphoto.pl\/t\/index.php?rest_route=%2Fwp%2Fv2%2Ftags&post=7063"}],"curies":[{"name":"wp","href":"https:\/\/api.w.org\/{rel}","templated":true}]}}