{"id":708,"date":"2024-09-30T19:11:58","date_gmt":"2024-09-30T17:11:58","guid":{"rendered":"https:\/\/wgphoto.pl\/t\/?p=708"},"modified":"2025-04-06T22:09:30","modified_gmt":"2025-04-06T20:09:30","slug":"na-deptaku","status":"publish","type":"post","link":"https:\/\/wgphoto.pl\/t\/?p=708","title":{"rendered":"Na deptaku"},"content":{"rendered":"\n<figure class=\"wp-block-image aligncenter size-full\"><img loading=\"lazy\" decoding=\"async\" width=\"1200\" height=\"795\" src=\"https:\/\/wgphoto.pl\/t\/wp-content\/uploads\/2024\/09\/0814-31a.jpg\" alt=\"\" class=\"wp-image-709\" srcset=\"https:\/\/wgphoto.pl\/t\/wp-content\/uploads\/2024\/09\/0814-31a.jpg 1200w, https:\/\/wgphoto.pl\/t\/wp-content\/uploads\/2024\/09\/0814-31a-300x199.jpg 300w, https:\/\/wgphoto.pl\/t\/wp-content\/uploads\/2024\/09\/0814-31a-768x509.jpg 768w\" sizes=\"auto, (max-width: 1200px) 100vw, 1200px\" \/><\/figure>\n\n\n\n<div class=\"wp-block-group has-global-padding is-layout-constrained wp-block-group-is-layout-constrained\">\n<p>K2P 1048 podczas postoju na przystanku <em>Zeln\u00fd trh<\/em> na ulicy Masaryka w Brnie. Ulica ta, powykr\u0119cana w pionie i poziomie, jest bardzo ruchliwym deptakiem, \u0142\u0105cz\u0105cym rynek z dworcem kolejowym. Warto zwr\u00f3ci\u0107 uwag\u0119 na zawieszon\u0105 radzieckim systemem tablic\u0119 przystankow\u0105. Na szcz\u0119\u015bcie rozk\u0142ady jazdy umieszczono na s\u0142upku przy \u015bcianie kamienicy. \ud83d\ude42 12.09.2008<\/p>\n<\/div>\n","protected":false},"excerpt":{"rendered":"<p>K2P 1048 podczas postoju na przystanku Zeln\u00fd trh na ulicy Masaryka w Brnie. Ulica ta, powykr\u0119cana w pionie i poziomie, jest bardzo ruchliwym deptakiem, \u0142\u0105cz\u0105cym rynek z dworcem kolejowym. Warto zwr\u00f3ci\u0107 uwag\u0119 na zawieszon\u0105 radzieckim systemem tablic\u0119 przystankow\u0105. Na szcz\u0119\u015bcie rozk\u0142ady jazdy umieszczono na s\u0142upku przy \u015bcianie kamienicy. \ud83d\ude42 12.09.2008<\/p>\n","protected":false},"author":1,"featured_media":709,"comment_status":"open","ping_status":"","sticky":false,"template":"","format":"standard","meta":{"footnotes":""},"categories":[62,120,3],"tags":[329,328,49,239,330,151,994],"class_list":["post-708","post","type-post","status-publish","format-standard","has-post-thumbnail","hentry","category-analog","category-rok-2008","category-tramwaj","tag-2008-09-12","tag-brno","tag-czechy","tag-deptak","tag-dpmb-brno","tag-ludzie","tag-tatra-k2"],"_links":{"self":[{"href":"https:\/\/wgphoto.pl\/t\/index.php?rest_route=\/wp\/v2\/posts\/708","targetHints":{"allow":["GET"]}}],"collection":[{"href":"https:\/\/wgphoto.pl\/t\/index.php?rest_route=\/wp\/v2\/posts"}],"about":[{"href":"https:\/\/wgphoto.pl\/t\/index.php?rest_route=\/wp\/v2\/types\/post"}],"author":[{"embeddable":true,"href":"https:\/\/wgphoto.pl\/t\/index.php?rest_route=\/wp\/v2\/users\/1"}],"replies":[{"embeddable":true,"href":"https:\/\/wgphoto.pl\/t\/index.php?rest_route=%2Fwp%2Fv2%2Fcomments&post=708"}],"version-history":[{"count":1,"href":"https:\/\/wgphoto.pl\/t\/index.php?rest_route=\/wp\/v2\/posts\/708\/revisions"}],"predecessor-version":[{"id":710,"href":"https:\/\/wgphoto.pl\/t\/index.php?rest_route=\/wp\/v2\/posts\/708\/revisions\/710"}],"wp:featuredmedia":[{"embeddable":true,"href":"https:\/\/wgphoto.pl\/t\/index.php?rest_route=\/wp\/v2\/media\/709"}],"wp:attachment":[{"href":"https:\/\/wgphoto.pl\/t\/index.php?rest_route=%2Fwp%2Fv2%2Fmedia&parent=708"}],"wp:term":[{"taxonomy":"category","embeddable":true,"href":"https:\/\/wgphoto.pl\/t\/index.php?rest_route=%2Fwp%2Fv2%2Fcategories&post=708"},{"taxonomy":"post_tag","embeddable":true,"href":"https:\/\/wgphoto.pl\/t\/index.php?rest_route=%2Fwp%2Fv2%2Ftags&post=708"}],"curies":[{"name":"wp","href":"https:\/\/api.w.org\/{rel}","templated":true}]}}