{"id":7097,"date":"2024-12-09T21:22:54","date_gmt":"2024-12-09T20:22:54","guid":{"rendered":"https:\/\/wgphoto.pl\/t\/?p=7097"},"modified":"2024-12-09T21:22:54","modified_gmt":"2024-12-09T20:22:54","slug":"siostro-tlenu","status":"publish","type":"post","link":"https:\/\/wgphoto.pl\/t\/?p=7097","title":{"rendered":"Siostro, tlenu"},"content":{"rendered":"\n<figure class=\"wp-block-image aligncenter size-full\"><img loading=\"lazy\" decoding=\"async\" width=\"1300\" height=\"870\" src=\"https:\/\/wgphoto.pl\/t\/wp-content\/uploads\/2024\/12\/IMGP6827.jpg\" alt=\"\" class=\"wp-image-7098\" srcset=\"https:\/\/wgphoto.pl\/t\/wp-content\/uploads\/2024\/12\/IMGP6827.jpg 1300w, https:\/\/wgphoto.pl\/t\/wp-content\/uploads\/2024\/12\/IMGP6827-300x201.jpg 300w, https:\/\/wgphoto.pl\/t\/wp-content\/uploads\/2024\/12\/IMGP6827-768x514.jpg 768w\" sizes=\"auto, (max-width: 1300px) 100vw, 1300px\" \/><\/figure>\n\n\n\n<div class=\"wp-block-group has-global-padding is-layout-constrained wp-block-group-is-layout-constrained\">\n<p>Wagonik nr 218 toczy si\u0119 Cal\u00e7ada de Monchique w Porto, tu\u017c nad brzegiem Duero, w kierunku kra\u0144ca Infante. Nie mam poj\u0119cia o co chodzi z pasa\u017cerem widocznym w prawym oknie, prawd\u0119 m\u00f3wi\u0105c zauwa\u017cy\u0142em go dopiero na zdj\u0119ciu. Mo\u017ce tutejsze tramwaje s\u0105 wyposa\u017cone w sprz\u0119t ratunkowy adekwatny do zagro\u017ce\u0144 mog\u0105cych wyst\u0105pi\u0107 w tutejszym klimacie? 03.09.2010<\/p>\n<\/div>\n","protected":false},"excerpt":{"rendered":"<p>Wagonik nr 218 toczy si\u0119 Cal\u00e7ada de Monchique w Porto, tu\u017c nad brzegiem Duero, w kierunku kra\u0144ca Infante. Nie mam poj\u0119cia o co chodzi z pasa\u017cerem widocznym w prawym oknie, prawd\u0119 m\u00f3wi\u0105c zauwa\u017cy\u0142em go dopiero na zdj\u0119ciu. Mo\u017ce tutejsze tramwaje s\u0105 wyposa\u017cone w sprz\u0119t ratunkowy adekwatny do zagro\u017ce\u0144 mog\u0105cych wyst\u0105pi\u0107 w tutejszym klimacie? 03.09.2010<\/p>\n","protected":false},"author":1,"featured_media":7098,"comment_status":"open","ping_status":"","sticky":false,"template":"","format":"standard","meta":{"footnotes":""},"categories":[86,3],"tags":[1200,1197,151,45,503,297,73,1196],"class_list":["post-7097","post","type-post","status-publish","format-standard","has-post-thumbnail","hentry","category-rok-2010","category-tramwaj","tag-2010-09-03","tag-brill-28","tag-ludzie","tag-most","tag-porto","tag-portugalia","tag-rzeka","tag-stcp-porto"],"_links":{"self":[{"href":"https:\/\/wgphoto.pl\/t\/index.php?rest_route=\/wp\/v2\/posts\/7097","targetHints":{"allow":["GET"]}}],"collection":[{"href":"https:\/\/wgphoto.pl\/t\/index.php?rest_route=\/wp\/v2\/posts"}],"about":[{"href":"https:\/\/wgphoto.pl\/t\/index.php?rest_route=\/wp\/v2\/types\/post"}],"author":[{"embeddable":true,"href":"https:\/\/wgphoto.pl\/t\/index.php?rest_route=\/wp\/v2\/users\/1"}],"replies":[{"embeddable":true,"href":"https:\/\/wgphoto.pl\/t\/index.php?rest_route=%2Fwp%2Fv2%2Fcomments&post=7097"}],"version-history":[{"count":1,"href":"https:\/\/wgphoto.pl\/t\/index.php?rest_route=\/wp\/v2\/posts\/7097\/revisions"}],"predecessor-version":[{"id":7099,"href":"https:\/\/wgphoto.pl\/t\/index.php?rest_route=\/wp\/v2\/posts\/7097\/revisions\/7099"}],"wp:featuredmedia":[{"embeddable":true,"href":"https:\/\/wgphoto.pl\/t\/index.php?rest_route=\/wp\/v2\/media\/7098"}],"wp:attachment":[{"href":"https:\/\/wgphoto.pl\/t\/index.php?rest_route=%2Fwp%2Fv2%2Fmedia&parent=7097"}],"wp:term":[{"taxonomy":"category","embeddable":true,"href":"https:\/\/wgphoto.pl\/t\/index.php?rest_route=%2Fwp%2Fv2%2Fcategories&post=7097"},{"taxonomy":"post_tag","embeddable":true,"href":"https:\/\/wgphoto.pl\/t\/index.php?rest_route=%2Fwp%2Fv2%2Ftags&post=7097"}],"curies":[{"name":"wp","href":"https:\/\/api.w.org\/{rel}","templated":true}]}}