{"id":7100,"date":"2024-12-09T21:24:00","date_gmt":"2024-12-09T20:24:00","guid":{"rendered":"https:\/\/wgphoto.pl\/t\/?p=7100"},"modified":"2024-12-09T21:24:00","modified_gmt":"2024-12-09T20:24:00","slug":"panorama-rynku","status":"publish","type":"post","link":"https:\/\/wgphoto.pl\/t\/?p=7100","title":{"rendered":"Panorama rynku"},"content":{"rendered":"\n<figure class=\"wp-block-image aligncenter size-full\"><img loading=\"lazy\" decoding=\"async\" width=\"1300\" height=\"731\" src=\"https:\/\/wgphoto.pl\/t\/wp-content\/uploads\/2024\/12\/IMGP0548-Pano.jpg\" alt=\"\" class=\"wp-image-7101\" srcset=\"https:\/\/wgphoto.pl\/t\/wp-content\/uploads\/2024\/12\/IMGP0548-Pano.jpg 1300w, https:\/\/wgphoto.pl\/t\/wp-content\/uploads\/2024\/12\/IMGP0548-Pano-300x169.jpg 300w, https:\/\/wgphoto.pl\/t\/wp-content\/uploads\/2024\/12\/IMGP0548-Pano-768x432.jpg 768w\" sizes=\"auto, (max-width: 1300px) 100vw, 1300px\" \/><\/figure>\n\n\n\n<div class=\"wp-block-group has-global-padding is-layout-constrained wp-block-group-is-layout-constrained\">\n<p>Pilzno, N\u00e1m\u011bst\u00ed Republiky. Sk\u0142ad niskowej\u015bciowych wagon\u00f3w Vario wyje\u017cd\u017ca o poranku z pilzne\u0144skiego rynku, nad kt\u00f3rym g\u00f3ruje katedra pw. \u015aw. Bart\u0142omieja. Tak szerokie uj\u0119cie mo\u017cliwe by\u0142o do wykonania bez rybiego oka tylko w trybie panoramy i nawet pomimo niedoskona\u0142o\u015bci \u0142\u0105czenia klatek, kt\u00f3re rzuca si\u0119 w oczy dopiero przy drugim spojrzeniu, efekt ko\u0144cowy podoba mi si\u0119. 22.09.2020<\/p>\n<\/div>\n","protected":false},"excerpt":{"rendered":"<p>Pilzno, N\u00e1m\u011bst\u00ed Republiky. Sk\u0142ad niskowej\u015bciowych wagon\u00f3w Vario wyje\u017cd\u017ca o poranku z pilzne\u0144skiego rynku, nad kt\u00f3rym g\u00f3ruje katedra pw. \u015aw. Bart\u0142omieja. Tak szerokie uj\u0119cie mo\u017cliwe by\u0142o do wykonania bez rybiego oka tylko w trybie panoramy i nawet pomimo niedoskona\u0142o\u015bci \u0142\u0105czenia klatek, kt\u00f3re rzuca si\u0119 w oczy dopiero przy drugim spojrzeniu, efekt ko\u0144cowy podoba mi si\u0119. 22.09.2020<\/p>\n","protected":false},"author":1,"featured_media":7101,"comment_status":"open","ping_status":"","sticky":false,"template":"","format":"standard","meta":{"footnotes":""},"categories":[676,3],"tags":[2353,49,2003,1674,1765,1675,176,1243],"class_list":["post-7100","post","type-post","status-publish","format-standard","has-post-thumbnail","hentry","category-rok-2020","category-tramwaj","tag-2020-09-22","tag-czechy","tag-czeskie-wakacje-2020","tag-dp-plzen","tag-panorama","tag-pilzno","tag-rano","tag-vario-lf"],"_links":{"self":[{"href":"https:\/\/wgphoto.pl\/t\/index.php?rest_route=\/wp\/v2\/posts\/7100","targetHints":{"allow":["GET"]}}],"collection":[{"href":"https:\/\/wgphoto.pl\/t\/index.php?rest_route=\/wp\/v2\/posts"}],"about":[{"href":"https:\/\/wgphoto.pl\/t\/index.php?rest_route=\/wp\/v2\/types\/post"}],"author":[{"embeddable":true,"href":"https:\/\/wgphoto.pl\/t\/index.php?rest_route=\/wp\/v2\/users\/1"}],"replies":[{"embeddable":true,"href":"https:\/\/wgphoto.pl\/t\/index.php?rest_route=%2Fwp%2Fv2%2Fcomments&post=7100"}],"version-history":[{"count":1,"href":"https:\/\/wgphoto.pl\/t\/index.php?rest_route=\/wp\/v2\/posts\/7100\/revisions"}],"predecessor-version":[{"id":7102,"href":"https:\/\/wgphoto.pl\/t\/index.php?rest_route=\/wp\/v2\/posts\/7100\/revisions\/7102"}],"wp:featuredmedia":[{"embeddable":true,"href":"https:\/\/wgphoto.pl\/t\/index.php?rest_route=\/wp\/v2\/media\/7101"}],"wp:attachment":[{"href":"https:\/\/wgphoto.pl\/t\/index.php?rest_route=%2Fwp%2Fv2%2Fmedia&parent=7100"}],"wp:term":[{"taxonomy":"category","embeddable":true,"href":"https:\/\/wgphoto.pl\/t\/index.php?rest_route=%2Fwp%2Fv2%2Fcategories&post=7100"},{"taxonomy":"post_tag","embeddable":true,"href":"https:\/\/wgphoto.pl\/t\/index.php?rest_route=%2Fwp%2Fv2%2Ftags&post=7100"}],"curies":[{"name":"wp","href":"https:\/\/api.w.org\/{rel}","templated":true}]}}