{"id":7110,"date":"2024-12-09T21:30:38","date_gmt":"2024-12-09T20:30:38","guid":{"rendered":"https:\/\/wgphoto.pl\/t\/?p=7110"},"modified":"2024-12-09T21:30:38","modified_gmt":"2024-12-09T20:30:38","slug":"trasa-zewnetrzna","status":"publish","type":"post","link":"https:\/\/wgphoto.pl\/t\/?p=7110","title":{"rendered":"Trasa zewn\u0119trzna"},"content":{"rendered":"\n<figure class=\"wp-block-image aligncenter size-full\"><img loading=\"lazy\" decoding=\"async\" width=\"1300\" height=\"861\" src=\"https:\/\/wgphoto.pl\/t\/wp-content\/uploads\/2024\/12\/IMGP7023.jpg\" alt=\"\" class=\"wp-image-7111\" srcset=\"https:\/\/wgphoto.pl\/t\/wp-content\/uploads\/2024\/12\/IMGP7023.jpg 1300w, https:\/\/wgphoto.pl\/t\/wp-content\/uploads\/2024\/12\/IMGP7023-300x199.jpg 300w, https:\/\/wgphoto.pl\/t\/wp-content\/uploads\/2024\/12\/IMGP7023-768x509.jpg 768w\" sizes=\"auto, (max-width: 1300px) 100vw, 1300px\" \/><\/figure>\n\n\n\n<div class=\"wp-block-group has-global-padding is-layout-constrained wp-block-group-is-layout-constrained\">\n<p>Na burcie tramwaj\u00f3w regionalnych wypisano wszystkie przystanki trasy z Miluzy do Kruth pomimo tego, \u017ce tramwaj doje\u017cd\u017ca tylko do Thann St. Jacques. Jednak w\u0142a\u015bciciel poci\u0105g\u00f3w i tramwaj\u00f3w jest jeden: SNCF, a pojazdy posiadaj\u0105 zreszt\u0105 jednakowe barwy, zatem obs\u0142uga ca\u0142ej trasy z punktu widzenia pasa\u017cera tworzy sp\u00f3jn\u0105 ca\u0142o\u015b\u0107. 20.03.2018<\/p>\n<\/div>\n","protected":false},"excerpt":{"rendered":"<p>Na burcie tramwaj\u00f3w regionalnych wypisano wszystkie przystanki trasy z Miluzy do Kruth pomimo tego, \u017ce tramwaj doje\u017cd\u017ca tylko do Thann St. Jacques. Jednak w\u0142a\u015bciciel poci\u0105g\u00f3w i tramwaj\u00f3w jest jeden: SNCF, a pojazdy posiadaj\u0105 zreszt\u0105 jednakowe barwy, zatem obs\u0142uga ca\u0142ej trasy z punktu widzenia pasa\u017cera tworzy sp\u00f3jn\u0105 ca\u0142o\u015b\u0107. 20.03.2018<\/p>\n","protected":false},"author":1,"featured_media":7111,"comment_status":"open","ping_status":"","sticky":false,"template":"","format":"standard","meta":{"footnotes":""},"categories":[220,156,3],"tags":[602,415,601,2508,1764,183,1153],"class_list":["post-7110","post","type-post","status-publish","format-standard","has-post-thumbnail","hentry","category-blo","category-rok-2018","category-tramwaj","tag-2018-03-20","tag-francja","tag-miluza","tag-siemens-avanto","tag-sncf","tag-suissetrip-2018","tag-tramwaj-regionalny"],"_links":{"self":[{"href":"https:\/\/wgphoto.pl\/t\/index.php?rest_route=\/wp\/v2\/posts\/7110","targetHints":{"allow":["GET"]}}],"collection":[{"href":"https:\/\/wgphoto.pl\/t\/index.php?rest_route=\/wp\/v2\/posts"}],"about":[{"href":"https:\/\/wgphoto.pl\/t\/index.php?rest_route=\/wp\/v2\/types\/post"}],"author":[{"embeddable":true,"href":"https:\/\/wgphoto.pl\/t\/index.php?rest_route=\/wp\/v2\/users\/1"}],"replies":[{"embeddable":true,"href":"https:\/\/wgphoto.pl\/t\/index.php?rest_route=%2Fwp%2Fv2%2Fcomments&post=7110"}],"version-history":[{"count":1,"href":"https:\/\/wgphoto.pl\/t\/index.php?rest_route=\/wp\/v2\/posts\/7110\/revisions"}],"predecessor-version":[{"id":7112,"href":"https:\/\/wgphoto.pl\/t\/index.php?rest_route=\/wp\/v2\/posts\/7110\/revisions\/7112"}],"wp:featuredmedia":[{"embeddable":true,"href":"https:\/\/wgphoto.pl\/t\/index.php?rest_route=\/wp\/v2\/media\/7111"}],"wp:attachment":[{"href":"https:\/\/wgphoto.pl\/t\/index.php?rest_route=%2Fwp%2Fv2%2Fmedia&parent=7110"}],"wp:term":[{"taxonomy":"category","embeddable":true,"href":"https:\/\/wgphoto.pl\/t\/index.php?rest_route=%2Fwp%2Fv2%2Fcategories&post=7110"},{"taxonomy":"post_tag","embeddable":true,"href":"https:\/\/wgphoto.pl\/t\/index.php?rest_route=%2Fwp%2Fv2%2Ftags&post=7110"}],"curies":[{"name":"wp","href":"https:\/\/api.w.org\/{rel}","templated":true}]}}