{"id":7116,"date":"2024-12-09T21:34:13","date_gmt":"2024-12-09T20:34:13","guid":{"rendered":"https:\/\/wgphoto.pl\/t\/?p=7116"},"modified":"2024-12-09T21:34:13","modified_gmt":"2024-12-09T20:34:13","slug":"vieux-thann-zi-z-tramwajem","status":"publish","type":"post","link":"https:\/\/wgphoto.pl\/t\/?p=7116","title":{"rendered":"Vieux-Thann-ZI z tramwajem"},"content":{"rendered":"\n<figure class=\"wp-block-image aligncenter size-full\"><img loading=\"lazy\" decoding=\"async\" width=\"1300\" height=\"861\" src=\"https:\/\/wgphoto.pl\/t\/wp-content\/uploads\/2024\/12\/IMGP6963-1.jpg\" alt=\"\" class=\"wp-image-7118\" srcset=\"https:\/\/wgphoto.pl\/t\/wp-content\/uploads\/2024\/12\/IMGP6963-1.jpg 1300w, https:\/\/wgphoto.pl\/t\/wp-content\/uploads\/2024\/12\/IMGP6963-1-300x199.jpg 300w, https:\/\/wgphoto.pl\/t\/wp-content\/uploads\/2024\/12\/IMGP6963-1-768x509.jpg 768w\" sizes=\"auto, (max-width: 1300px) 100vw, 1300px\" \/><\/figure>\n\n\n\n<div class=\"wp-block-group has-global-padding is-layout-constrained wp-block-group-is-layout-constrained\">\n<p>Siemens Avanto nr 25527 (na czole pojazdu widnieje numer TT27) jako tramwaj regionalny linii TT (tram-train) z Miluzy zatrzyma\u0142 si\u0119 na mijance Vieux-Thann-Zone Industrielle i za par\u0119 minut sko\u0144czy bieg u podn\u00f3\u017ca widocznych w tle g\u00f3r. 20.03.2018<\/p>\n<\/div>\n","protected":false},"excerpt":{"rendered":"<p>Siemens Avanto nr 25527 (na czole pojazdu widnieje numer TT27) jako tramwaj regionalny linii TT (tram-train) z Miluzy zatrzyma\u0142 si\u0119 na mijance Vieux-Thann-Zone Industrielle i za par\u0119 minut sko\u0144czy bieg u podn\u00f3\u017ca widocznych w tle g\u00f3r. 20.03.2018<\/p>\n","protected":false},"author":1,"featured_media":7118,"comment_status":"open","ping_status":"","sticky":false,"template":"","format":"standard","meta":{"footnotes":""},"categories":[156,3],"tags":[602,415,114,173,601,2508,1764,183,1153,2509],"class_list":["post-7116","post","type-post","status-publish","format-standard","has-post-thumbnail","hentry","category-rok-2018","category-tramwaj","tag-2018-03-20","tag-francja","tag-gory","tag-koncowki","tag-miluza","tag-siemens-avanto","tag-sncf","tag-suissetrip-2018","tag-tramwaj-regionalny","tag-vieux-thann-zi"],"_links":{"self":[{"href":"https:\/\/wgphoto.pl\/t\/index.php?rest_route=\/wp\/v2\/posts\/7116","targetHints":{"allow":["GET"]}}],"collection":[{"href":"https:\/\/wgphoto.pl\/t\/index.php?rest_route=\/wp\/v2\/posts"}],"about":[{"href":"https:\/\/wgphoto.pl\/t\/index.php?rest_route=\/wp\/v2\/types\/post"}],"author":[{"embeddable":true,"href":"https:\/\/wgphoto.pl\/t\/index.php?rest_route=\/wp\/v2\/users\/1"}],"replies":[{"embeddable":true,"href":"https:\/\/wgphoto.pl\/t\/index.php?rest_route=%2Fwp%2Fv2%2Fcomments&post=7116"}],"version-history":[{"count":1,"href":"https:\/\/wgphoto.pl\/t\/index.php?rest_route=\/wp\/v2\/posts\/7116\/revisions"}],"predecessor-version":[{"id":7119,"href":"https:\/\/wgphoto.pl\/t\/index.php?rest_route=\/wp\/v2\/posts\/7116\/revisions\/7119"}],"wp:featuredmedia":[{"embeddable":true,"href":"https:\/\/wgphoto.pl\/t\/index.php?rest_route=\/wp\/v2\/media\/7118"}],"wp:attachment":[{"href":"https:\/\/wgphoto.pl\/t\/index.php?rest_route=%2Fwp%2Fv2%2Fmedia&parent=7116"}],"wp:term":[{"taxonomy":"category","embeddable":true,"href":"https:\/\/wgphoto.pl\/t\/index.php?rest_route=%2Fwp%2Fv2%2Fcategories&post=7116"},{"taxonomy":"post_tag","embeddable":true,"href":"https:\/\/wgphoto.pl\/t\/index.php?rest_route=%2Fwp%2Fv2%2Ftags&post=7116"}],"curies":[{"name":"wp","href":"https:\/\/api.w.org\/{rel}","templated":true}]}}