{"id":7135,"date":"2024-12-09T21:42:17","date_gmt":"2024-12-09T20:42:17","guid":{"rendered":"https:\/\/wgphoto.pl\/t\/?p=7135"},"modified":"2024-12-09T21:42:17","modified_gmt":"2024-12-09T20:42:17","slug":"czekajac-na-przesiadke","status":"publish","type":"post","link":"https:\/\/wgphoto.pl\/t\/?p=7135","title":{"rendered":"Czekaj\u0105c na przesiadk\u0119"},"content":{"rendered":"\n<figure class=\"wp-block-image aligncenter size-full\"><img loading=\"lazy\" decoding=\"async\" width=\"1300\" height=\"861\" src=\"https:\/\/wgphoto.pl\/t\/wp-content\/uploads\/2024\/12\/IMGP2780.jpg\" alt=\"\" class=\"wp-image-7136\" srcset=\"https:\/\/wgphoto.pl\/t\/wp-content\/uploads\/2024\/12\/IMGP2780.jpg 1300w, https:\/\/wgphoto.pl\/t\/wp-content\/uploads\/2024\/12\/IMGP2780-300x199.jpg 300w, https:\/\/wgphoto.pl\/t\/wp-content\/uploads\/2024\/12\/IMGP2780-768x509.jpg 768w\" sizes=\"auto, (max-width: 1300px) 100vw, 1300px\" \/><\/figure>\n\n\n\n<div class=\"wp-block-group has-global-padding is-layout-constrained wp-block-group-is-layout-constrained\">\n<p>Hydra 854.020-5 na stacji Starko\u010d sko\u0144czy\u0142a bieg z poci\u0105giem przyspieszonym 1849 z Borumova. Za kilka minut przyjedzie rychlik z Trutnova do Pragi, kt\u00f3ry zabierze w dalsz\u0105 drog\u0119 tych wszystkich pasa\u017cer\u00f3w i mnie. 25.08.2021<\/p>\n<\/div>\n","protected":false},"excerpt":{"rendered":"<p>Hydra 854.020-5 na stacji Starko\u010d sko\u0144czy\u0142a bieg z poci\u0105giem przyspieszonym 1849 z Borumova. Za kilka minut przyjedzie rychlik z Trutnova do Pragi, kt\u00f3ry zabierze w dalsz\u0105 drog\u0119 tych wszystkich pasa\u017cer\u00f3w i mnie. 25.08.2021<\/p>\n","protected":false},"author":1,"featured_media":7136,"comment_status":"open","ping_status":"","sticky":false,"template":"","format":"standard","meta":{"footnotes":""},"categories":[2,681],"tags":[2214,552,50,49,24,1113,2516,2515],"class_list":["post-7135","post","type-post","status-publish","format-standard","has-post-thumbnail","hentry","category-kolej","category-rok-2021","tag-2021-08-25","tag-552","tag-cd","tag-czechy","tag-perony","tag-roslinnosc","tag-starkoc","tag-tab-cz033"],"_links":{"self":[{"href":"https:\/\/wgphoto.pl\/t\/index.php?rest_route=\/wp\/v2\/posts\/7135","targetHints":{"allow":["GET"]}}],"collection":[{"href":"https:\/\/wgphoto.pl\/t\/index.php?rest_route=\/wp\/v2\/posts"}],"about":[{"href":"https:\/\/wgphoto.pl\/t\/index.php?rest_route=\/wp\/v2\/types\/post"}],"author":[{"embeddable":true,"href":"https:\/\/wgphoto.pl\/t\/index.php?rest_route=\/wp\/v2\/users\/1"}],"replies":[{"embeddable":true,"href":"https:\/\/wgphoto.pl\/t\/index.php?rest_route=%2Fwp%2Fv2%2Fcomments&post=7135"}],"version-history":[{"count":1,"href":"https:\/\/wgphoto.pl\/t\/index.php?rest_route=\/wp\/v2\/posts\/7135\/revisions"}],"predecessor-version":[{"id":7137,"href":"https:\/\/wgphoto.pl\/t\/index.php?rest_route=\/wp\/v2\/posts\/7135\/revisions\/7137"}],"wp:featuredmedia":[{"embeddable":true,"href":"https:\/\/wgphoto.pl\/t\/index.php?rest_route=\/wp\/v2\/media\/7136"}],"wp:attachment":[{"href":"https:\/\/wgphoto.pl\/t\/index.php?rest_route=%2Fwp%2Fv2%2Fmedia&parent=7135"}],"wp:term":[{"taxonomy":"category","embeddable":true,"href":"https:\/\/wgphoto.pl\/t\/index.php?rest_route=%2Fwp%2Fv2%2Fcategories&post=7135"},{"taxonomy":"post_tag","embeddable":true,"href":"https:\/\/wgphoto.pl\/t\/index.php?rest_route=%2Fwp%2Fv2%2Ftags&post=7135"}],"curies":[{"name":"wp","href":"https:\/\/api.w.org\/{rel}","templated":true}]}}