{"id":7141,"date":"2024-12-09T21:45:06","date_gmt":"2024-12-09T20:45:06","guid":{"rendered":"https:\/\/wgphoto.pl\/t\/?p=7141"},"modified":"2024-12-09T21:45:06","modified_gmt":"2024-12-09T20:45:06","slug":"mozna-jednak-pozniej","status":"publish","type":"post","link":"https:\/\/wgphoto.pl\/t\/?p=7141","title":{"rendered":"Mo\u017cna jednak p\u00f3\u017aniej"},"content":{"rendered":"\n<figure class=\"wp-block-image aligncenter size-full\"><img loading=\"lazy\" decoding=\"async\" width=\"1300\" height=\"813\" src=\"https:\/\/wgphoto.pl\/t\/wp-content\/uploads\/2024\/12\/IMGP2874.jpg\" alt=\"\" class=\"wp-image-7142\" srcset=\"https:\/\/wgphoto.pl\/t\/wp-content\/uploads\/2024\/12\/IMGP2874.jpg 1300w, https:\/\/wgphoto.pl\/t\/wp-content\/uploads\/2024\/12\/IMGP2874-300x188.jpg 300w, https:\/\/wgphoto.pl\/t\/wp-content\/uploads\/2024\/12\/IMGP2874-768x480.jpg 768w\" sizes=\"auto, (max-width: 1300px) 100vw, 1300px\" \/><\/figure>\n\n\n\n<div class=\"wp-block-group has-global-padding is-layout-constrained wp-block-group-is-layout-constrained\">\n<p>Stacja Martinice v Krkono\u0161\u00edch w p\u00f3\u017anopopo\u0142udniowym \u015bwietle. 810.565-2 odjedzie zaraz jako ostatni w dobie poci\u0105g 15514 do Jablonce nad Jizerou, obok stoi sk\u0142ad z \u010c\u00e1slavi do Trutnova. Chc\u0105c wr\u00f3ci\u0107 do Polski ostatnim poci\u0105giem z Trutnova mo\u017cna takie foto wykona\u0107 najp\u00f3\u017aniej o jedno skomunikowanie i dwie godziny wcze\u015bniej. Jednak w wyniku awarii sk\u0142adu jad\u0105cego do Trutnova teoretycznie rzeczone 2h wcze\u015bniej, a w praktyce nieca\u0142\u0105 godzin\u0119 wcze\u015bniej, zako\u0144czy\u0142em swoj\u0105 podr\u00f3\u017c w Martinicach. W Trutnovie utkn\u0105\u0142bym na ca\u0142\u0105 noc, a st\u0105d, o dziwo, mo\u017cna si\u0119 jeszcze wydosta\u0107 do Polski w ma\u0142o oczywisty spos\u00f3b: przez Jablonec nad Jizerou i Harrachov, korzystaj\u0105c z po\u0142\u0105cze\u0144 autobusowych. 25.08.2021<\/p>\n<\/div>\n","protected":false},"excerpt":{"rendered":"<p>Stacja Martinice v Krkono\u0161\u00edch w p\u00f3\u017anopopo\u0142udniowym \u015bwietle. 810.565-2 odjedzie zaraz jako ostatni w dobie poci\u0105g 15514 do Jablonce nad Jizerou, obok stoi sk\u0142ad z \u010c\u00e1slavi do Trutnova. Chc\u0105c wr\u00f3ci\u0107 do Polski ostatnim poci\u0105giem z Trutnova mo\u017cna takie foto wykona\u0107 najp\u00f3\u017aniej o jedno skomunikowanie i dwie godziny wcze\u015bniej. Jednak w wyniku awarii sk\u0142adu jad\u0105cego do Trutnova [&hellip;]<\/p>\n","protected":false},"author":1,"featured_media":7142,"comment_status":"open","ping_status":"","sticky":false,"template":"","format":"standard","meta":{"footnotes":""},"categories":[2,681],"tags":[2214,92,1868,50,49,173,1871,162,1475,1520,1869],"class_list":["post-7141","post","type-post","status-publish","format-standard","has-post-thumbnail","hentry","category-kolej","category-rok-2021","tag-2021-08-25","tag-92","tag-1868","tag-cd","tag-czechy","tag-koncowki","tag-martinice-v-krkonosich","tag-niebo","tag-tab-cz040","tag-tab-cz042","tag-wagon-sterowniczy"],"_links":{"self":[{"href":"https:\/\/wgphoto.pl\/t\/index.php?rest_route=\/wp\/v2\/posts\/7141","targetHints":{"allow":["GET"]}}],"collection":[{"href":"https:\/\/wgphoto.pl\/t\/index.php?rest_route=\/wp\/v2\/posts"}],"about":[{"href":"https:\/\/wgphoto.pl\/t\/index.php?rest_route=\/wp\/v2\/types\/post"}],"author":[{"embeddable":true,"href":"https:\/\/wgphoto.pl\/t\/index.php?rest_route=\/wp\/v2\/users\/1"}],"replies":[{"embeddable":true,"href":"https:\/\/wgphoto.pl\/t\/index.php?rest_route=%2Fwp%2Fv2%2Fcomments&post=7141"}],"version-history":[{"count":1,"href":"https:\/\/wgphoto.pl\/t\/index.php?rest_route=\/wp\/v2\/posts\/7141\/revisions"}],"predecessor-version":[{"id":7143,"href":"https:\/\/wgphoto.pl\/t\/index.php?rest_route=\/wp\/v2\/posts\/7141\/revisions\/7143"}],"wp:featuredmedia":[{"embeddable":true,"href":"https:\/\/wgphoto.pl\/t\/index.php?rest_route=\/wp\/v2\/media\/7142"}],"wp:attachment":[{"href":"https:\/\/wgphoto.pl\/t\/index.php?rest_route=%2Fwp%2Fv2%2Fmedia&parent=7141"}],"wp:term":[{"taxonomy":"category","embeddable":true,"href":"https:\/\/wgphoto.pl\/t\/index.php?rest_route=%2Fwp%2Fv2%2Fcategories&post=7141"},{"taxonomy":"post_tag","embeddable":true,"href":"https:\/\/wgphoto.pl\/t\/index.php?rest_route=%2Fwp%2Fv2%2Ftags&post=7141"}],"curies":[{"name":"wp","href":"https:\/\/api.w.org\/{rel}","templated":true}]}}