{"id":7153,"date":"2024-12-09T21:49:36","date_gmt":"2024-12-09T20:49:36","guid":{"rendered":"https:\/\/wgphoto.pl\/t\/?p=7153"},"modified":"2024-12-09T21:49:36","modified_gmt":"2024-12-09T20:49:36","slug":"wieczorny-bombardier","status":"publish","type":"post","link":"https:\/\/wgphoto.pl\/t\/?p=7153","title":{"rendered":"Wieczorny Bombardier"},"content":{"rendered":"\n<figure class=\"wp-block-image aligncenter size-full\"><img loading=\"lazy\" decoding=\"async\" width=\"800\" height=\"1000\" src=\"https:\/\/wgphoto.pl\/t\/wp-content\/uploads\/2024\/12\/IMGP9309.jpg\" alt=\"\" class=\"wp-image-7155\" srcset=\"https:\/\/wgphoto.pl\/t\/wp-content\/uploads\/2024\/12\/IMGP9309.jpg 800w, https:\/\/wgphoto.pl\/t\/wp-content\/uploads\/2024\/12\/IMGP9309-240x300.jpg 240w, https:\/\/wgphoto.pl\/t\/wp-content\/uploads\/2024\/12\/IMGP9309-768x960.jpg 768w\" sizes=\"auto, (max-width: 800px) 100vw, 800px\" \/><\/figure>\n\n\n\n<div class=\"wp-block-group has-global-padding is-layout-constrained wp-block-group-is-layout-constrained\">\n<p>Sztokholm, Hamngatan. Bombardier Flexity Classic nr 2 odje\u017cd\u017ca ze \u015br\u00f3dmiejskiego kra\u0144ca tutejszej linii tramwajowej. 18.01.2015<\/p>\n<\/div>\n\n\n\n<p><\/p>\n","protected":false},"excerpt":{"rendered":"<p>Sztokholm, Hamngatan. Bombardier Flexity Classic nr 2 odje\u017cd\u017ca ze \u015br\u00f3dmiejskiego kra\u0144ca tutejszej linii tramwajowej. 18.01.2015<\/p>\n","protected":false},"author":1,"featured_media":7155,"comment_status":"open","ping_status":"","sticky":false,"template":"","format":"standard","meta":{"footnotes":""},"categories":[128,104,3],"tags":[1373,1126,173,682,686,685,90],"class_list":["post-7153","post","type-post","status-publish","format-standard","has-post-thumbnail","hentry","category-pionowe","category-rok-2015","category-tramwaj","tag-2015-01-18","tag-bombardier-flexity-classic","tag-koncowki","tag-sl-stockholm","tag-sztokholm","tag-szwecja","tag-wieczorem"],"_links":{"self":[{"href":"https:\/\/wgphoto.pl\/t\/index.php?rest_route=\/wp\/v2\/posts\/7153","targetHints":{"allow":["GET"]}}],"collection":[{"href":"https:\/\/wgphoto.pl\/t\/index.php?rest_route=\/wp\/v2\/posts"}],"about":[{"href":"https:\/\/wgphoto.pl\/t\/index.php?rest_route=\/wp\/v2\/types\/post"}],"author":[{"embeddable":true,"href":"https:\/\/wgphoto.pl\/t\/index.php?rest_route=\/wp\/v2\/users\/1"}],"replies":[{"embeddable":true,"href":"https:\/\/wgphoto.pl\/t\/index.php?rest_route=%2Fwp%2Fv2%2Fcomments&post=7153"}],"version-history":[{"count":1,"href":"https:\/\/wgphoto.pl\/t\/index.php?rest_route=\/wp\/v2\/posts\/7153\/revisions"}],"predecessor-version":[{"id":7156,"href":"https:\/\/wgphoto.pl\/t\/index.php?rest_route=\/wp\/v2\/posts\/7153\/revisions\/7156"}],"wp:featuredmedia":[{"embeddable":true,"href":"https:\/\/wgphoto.pl\/t\/index.php?rest_route=\/wp\/v2\/media\/7155"}],"wp:attachment":[{"href":"https:\/\/wgphoto.pl\/t\/index.php?rest_route=%2Fwp%2Fv2%2Fmedia&parent=7153"}],"wp:term":[{"taxonomy":"category","embeddable":true,"href":"https:\/\/wgphoto.pl\/t\/index.php?rest_route=%2Fwp%2Fv2%2Fcategories&post=7153"},{"taxonomy":"post_tag","embeddable":true,"href":"https:\/\/wgphoto.pl\/t\/index.php?rest_route=%2Fwp%2Fv2%2Ftags&post=7153"}],"curies":[{"name":"wp","href":"https:\/\/api.w.org\/{rel}","templated":true}]}}