{"id":7157,"date":"2024-12-09T21:50:58","date_gmt":"2024-12-09T20:50:58","guid":{"rendered":"https:\/\/wgphoto.pl\/t\/?p=7157"},"modified":"2024-12-09T21:50:58","modified_gmt":"2024-12-09T20:50:58","slug":"popoludniowe-odwozy","status":"publish","type":"post","link":"https:\/\/wgphoto.pl\/t\/?p=7157","title":{"rendered":"Popo\u0142udniowe odwozy"},"content":{"rendered":"\n<figure class=\"wp-block-image aligncenter size-full\"><img loading=\"lazy\" decoding=\"async\" width=\"1300\" height=\"862\" src=\"https:\/\/wgphoto.pl\/t\/wp-content\/uploads\/2024\/12\/0425-01.jpg\" alt=\"\" class=\"wp-image-7158\" srcset=\"https:\/\/wgphoto.pl\/t\/wp-content\/uploads\/2024\/12\/0425-01.jpg 1300w, https:\/\/wgphoto.pl\/t\/wp-content\/uploads\/2024\/12\/0425-01-300x199.jpg 300w, https:\/\/wgphoto.pl\/t\/wp-content\/uploads\/2024\/12\/0425-01-768x509.jpg 768w\" sizes=\"auto, (max-width: 1300px) 100vw, 1300px\" \/><\/figure>\n\n\n\n<div class=\"wp-block-group has-global-padding is-layout-constrained wp-block-group-is-layout-constrained\">\n<p>EU07-530 z dwiema bipami na haku, stanowi\u0105cymi planowe zestawienie poci\u0105gu nr 916 do Gniezna, oczekuje na godzin\u0119 odjazdu ze stacji Pozna\u0144 G\u0142\u00f3wny. 15.09.2004<\/p>\n<\/div>\n","protected":false},"excerpt":{"rendered":"<p>EU07-530 z dwiema bipami na haku, stanowi\u0105cymi planowe zestawienie poci\u0105gu nr 916 do Gniezna, oczekuje na godzin\u0119 odjazdu ze stacji Pozna\u0144 G\u0142\u00f3wny. 15.09.2004<\/p>\n","protected":false},"author":1,"featured_media":7158,"comment_status":"open","ping_status":"","sticky":false,"template":"","format":"standard","meta":{"footnotes":""},"categories":[62,2,61],"tags":[651,288,122,63,27,235,224,920],"class_list":["post-7157","post","type-post","status-publish","format-standard","has-post-thumbnail","hentry","category-analog","category-kolej","category-rok-2004","tag-2004-09-15","tag-bipa","tag-eu07","tag-pkp","tag-polska","tag-poznan","tag-poznan-glowny","tag-tab-pl430"],"_links":{"self":[{"href":"https:\/\/wgphoto.pl\/t\/index.php?rest_route=\/wp\/v2\/posts\/7157","targetHints":{"allow":["GET"]}}],"collection":[{"href":"https:\/\/wgphoto.pl\/t\/index.php?rest_route=\/wp\/v2\/posts"}],"about":[{"href":"https:\/\/wgphoto.pl\/t\/index.php?rest_route=\/wp\/v2\/types\/post"}],"author":[{"embeddable":true,"href":"https:\/\/wgphoto.pl\/t\/index.php?rest_route=\/wp\/v2\/users\/1"}],"replies":[{"embeddable":true,"href":"https:\/\/wgphoto.pl\/t\/index.php?rest_route=%2Fwp%2Fv2%2Fcomments&post=7157"}],"version-history":[{"count":1,"href":"https:\/\/wgphoto.pl\/t\/index.php?rest_route=\/wp\/v2\/posts\/7157\/revisions"}],"predecessor-version":[{"id":7159,"href":"https:\/\/wgphoto.pl\/t\/index.php?rest_route=\/wp\/v2\/posts\/7157\/revisions\/7159"}],"wp:featuredmedia":[{"embeddable":true,"href":"https:\/\/wgphoto.pl\/t\/index.php?rest_route=\/wp\/v2\/media\/7158"}],"wp:attachment":[{"href":"https:\/\/wgphoto.pl\/t\/index.php?rest_route=%2Fwp%2Fv2%2Fmedia&parent=7157"}],"wp:term":[{"taxonomy":"category","embeddable":true,"href":"https:\/\/wgphoto.pl\/t\/index.php?rest_route=%2Fwp%2Fv2%2Fcategories&post=7157"},{"taxonomy":"post_tag","embeddable":true,"href":"https:\/\/wgphoto.pl\/t\/index.php?rest_route=%2Fwp%2Fv2%2Ftags&post=7157"}],"curies":[{"name":"wp","href":"https:\/\/api.w.org\/{rel}","templated":true}]}}