{"id":717,"date":"2024-09-30T19:16:06","date_gmt":"2024-09-30T17:16:06","guid":{"rendered":"https:\/\/wgphoto.pl\/t\/?p=717"},"modified":"2024-09-30T19:16:06","modified_gmt":"2024-09-30T17:16:06","slug":"dla-koneserow","status":"publish","type":"post","link":"https:\/\/wgphoto.pl\/t\/?p=717","title":{"rendered":"Dla koneser\u00f3w"},"content":{"rendered":"\n<figure class=\"wp-block-image aligncenter size-full\"><img loading=\"lazy\" decoding=\"async\" width=\"1200\" height=\"803\" src=\"https:\/\/wgphoto.pl\/t\/wp-content\/uploads\/2024\/09\/IMGP7735.jpg\" alt=\"\" class=\"wp-image-718\" srcset=\"https:\/\/wgphoto.pl\/t\/wp-content\/uploads\/2024\/09\/IMGP7735.jpg 1200w, https:\/\/wgphoto.pl\/t\/wp-content\/uploads\/2024\/09\/IMGP7735-300x201.jpg 300w, https:\/\/wgphoto.pl\/t\/wp-content\/uploads\/2024\/09\/IMGP7735-768x514.jpg 768w\" sizes=\"auto, (max-width: 1200px) 100vw, 1200px\" \/><\/figure>\n\n\n\n<div class=\"wp-block-group has-global-padding is-layout-constrained wp-block-group-is-layout-constrained\">\n<p>Taki sobie smaczek &#8211; czynna kszta\u0142towa tarcza manewrowa. Grupowa, oczywi\u015bcie! W tle, na drugiej g\u0142owicy, wida\u0107 wyje\u017cd\u017caj\u0105cy poci\u0105g do Brna. 22.07.2009<\/p>\n<\/div>\n","protected":false},"excerpt":{"rendered":"<p>Taki sobie smaczek &#8211; czynna kszta\u0142towa tarcza manewrowa. Grupowa, oczywi\u015bcie! W tle, na drugiej g\u0142owicy, wida\u0107 wyje\u017cd\u017caj\u0105cy poci\u0105g do Brna. 22.07.2009<\/p>\n","protected":false},"author":1,"featured_media":718,"comment_status":"open","ping_status":"","sticky":false,"template":"","format":"standard","meta":{"footnotes":""},"categories":[2,169],"tags":[340,92,50,49,338,53,265],"class_list":["post-717","post","type-post","status-publish","format-standard","has-post-thumbnail","hentry","category-kolej","category-rok-2009","tag-2009-07-22","tag-92","tag-cd","tag-czechy","tag-hrusovany-nad-jevisovkou","tag-sygnalizacja-ksztaltowa","tag-wagon"],"_links":{"self":[{"href":"https:\/\/wgphoto.pl\/t\/index.php?rest_route=\/wp\/v2\/posts\/717","targetHints":{"allow":["GET"]}}],"collection":[{"href":"https:\/\/wgphoto.pl\/t\/index.php?rest_route=\/wp\/v2\/posts"}],"about":[{"href":"https:\/\/wgphoto.pl\/t\/index.php?rest_route=\/wp\/v2\/types\/post"}],"author":[{"embeddable":true,"href":"https:\/\/wgphoto.pl\/t\/index.php?rest_route=\/wp\/v2\/users\/1"}],"replies":[{"embeddable":true,"href":"https:\/\/wgphoto.pl\/t\/index.php?rest_route=%2Fwp%2Fv2%2Fcomments&post=717"}],"version-history":[{"count":1,"href":"https:\/\/wgphoto.pl\/t\/index.php?rest_route=\/wp\/v2\/posts\/717\/revisions"}],"predecessor-version":[{"id":719,"href":"https:\/\/wgphoto.pl\/t\/index.php?rest_route=\/wp\/v2\/posts\/717\/revisions\/719"}],"wp:featuredmedia":[{"embeddable":true,"href":"https:\/\/wgphoto.pl\/t\/index.php?rest_route=\/wp\/v2\/media\/718"}],"wp:attachment":[{"href":"https:\/\/wgphoto.pl\/t\/index.php?rest_route=%2Fwp%2Fv2%2Fmedia&parent=717"}],"wp:term":[{"taxonomy":"category","embeddable":true,"href":"https:\/\/wgphoto.pl\/t\/index.php?rest_route=%2Fwp%2Fv2%2Fcategories&post=717"},{"taxonomy":"post_tag","embeddable":true,"href":"https:\/\/wgphoto.pl\/t\/index.php?rest_route=%2Fwp%2Fv2%2Ftags&post=717"}],"curies":[{"name":"wp","href":"https:\/\/api.w.org\/{rel}","templated":true}]}}