{"id":7176,"date":"2024-12-09T22:22:59","date_gmt":"2024-12-09T21:22:59","guid":{"rendered":"https:\/\/wgphoto.pl\/t\/?p=7176"},"modified":"2024-12-09T22:22:59","modified_gmt":"2024-12-09T21:22:59","slug":"trojkat-jak-widac","status":"publish","type":"post","link":"https:\/\/wgphoto.pl\/t\/?p=7176","title":{"rendered":"Tr\u00f3jk\u0105t, jak wida\u0107"},"content":{"rendered":"\n<figure class=\"wp-block-image aligncenter size-full\"><img loading=\"lazy\" decoding=\"async\" width=\"1300\" height=\"862\" src=\"https:\/\/wgphoto.pl\/t\/wp-content\/uploads\/2024\/12\/0425-13.jpg\" alt=\"\" class=\"wp-image-7177\" srcset=\"https:\/\/wgphoto.pl\/t\/wp-content\/uploads\/2024\/12\/0425-13.jpg 1300w, https:\/\/wgphoto.pl\/t\/wp-content\/uploads\/2024\/12\/0425-13-300x199.jpg 300w, https:\/\/wgphoto.pl\/t\/wp-content\/uploads\/2024\/12\/0425-13-768x509.jpg 768w\" sizes=\"auto, (max-width: 1300px) 100vw, 1300px\" \/><\/figure>\n\n\n\n<div class=\"wp-block-group has-global-padding is-layout-constrained wp-block-group-is-layout-constrained\">\n<p>Frankfurt nad Odr\u0105, Gleisdreiech Alt Beresinchen, sk\u0142ad KT4DM 222+221. Pami\u0119tam, \u017ce celowo skadrowa\u0142em tak, \u017ceby by\u0142o wida\u0107 uk\u0142ad torowy. \ud83d\ude09 16.09.2004<\/p>\n<\/div>\n","protected":false},"excerpt":{"rendered":"<p>Frankfurt nad Odr\u0105, Gleisdreiech Alt Beresinchen, sk\u0142ad KT4DM 222+221. Pami\u0119tam, \u017ce celowo skadrowa\u0142em tak, \u017ceby by\u0142o wida\u0107 uk\u0142ad torowy. \ud83d\ude09 16.09.2004<\/p>\n","protected":false},"author":1,"featured_media":7177,"comment_status":"open","ping_status":"","sticky":false,"template":"","format":"standard","meta":{"footnotes":""},"categories":[62,61,3],"tags":[667,2525,23,143,2524,33],"class_list":["post-7176","post","type-post","status-publish","format-standard","has-post-thumbnail","hentry","category-analog","category-rok-2004","category-tramwaj","tag-2004-09-16","tag-frankfurt-nad-odra","tag-niemcy","tag-ponad-30m","tag-svf-ffo","tag-tatra-kt4"],"_links":{"self":[{"href":"https:\/\/wgphoto.pl\/t\/index.php?rest_route=\/wp\/v2\/posts\/7176","targetHints":{"allow":["GET"]}}],"collection":[{"href":"https:\/\/wgphoto.pl\/t\/index.php?rest_route=\/wp\/v2\/posts"}],"about":[{"href":"https:\/\/wgphoto.pl\/t\/index.php?rest_route=\/wp\/v2\/types\/post"}],"author":[{"embeddable":true,"href":"https:\/\/wgphoto.pl\/t\/index.php?rest_route=\/wp\/v2\/users\/1"}],"replies":[{"embeddable":true,"href":"https:\/\/wgphoto.pl\/t\/index.php?rest_route=%2Fwp%2Fv2%2Fcomments&post=7176"}],"version-history":[{"count":1,"href":"https:\/\/wgphoto.pl\/t\/index.php?rest_route=\/wp\/v2\/posts\/7176\/revisions"}],"predecessor-version":[{"id":7178,"href":"https:\/\/wgphoto.pl\/t\/index.php?rest_route=\/wp\/v2\/posts\/7176\/revisions\/7178"}],"wp:featuredmedia":[{"embeddable":true,"href":"https:\/\/wgphoto.pl\/t\/index.php?rest_route=\/wp\/v2\/media\/7177"}],"wp:attachment":[{"href":"https:\/\/wgphoto.pl\/t\/index.php?rest_route=%2Fwp%2Fv2%2Fmedia&parent=7176"}],"wp:term":[{"taxonomy":"category","embeddable":true,"href":"https:\/\/wgphoto.pl\/t\/index.php?rest_route=%2Fwp%2Fv2%2Fcategories&post=7176"},{"taxonomy":"post_tag","embeddable":true,"href":"https:\/\/wgphoto.pl\/t\/index.php?rest_route=%2Fwp%2Fv2%2Ftags&post=7176"}],"curies":[{"name":"wp","href":"https:\/\/api.w.org\/{rel}","templated":true}]}}