{"id":7179,"date":"2024-12-09T22:23:59","date_gmt":"2024-12-09T21:23:59","guid":{"rendered":"https:\/\/wgphoto.pl\/t\/?p=7179"},"modified":"2024-12-09T22:23:59","modified_gmt":"2024-12-09T21:23:59","slug":"juz-blisko-do-celu","status":"publish","type":"post","link":"https:\/\/wgphoto.pl\/t\/?p=7179","title":{"rendered":"Ju\u017c blisko do celu"},"content":{"rendered":"\n<figure class=\"wp-block-image aligncenter size-full\"><img loading=\"lazy\" decoding=\"async\" width=\"1300\" height=\"862\" src=\"https:\/\/wgphoto.pl\/t\/wp-content\/uploads\/2024\/12\/0229-03a.jpg\" alt=\"\" class=\"wp-image-7180\" srcset=\"https:\/\/wgphoto.pl\/t\/wp-content\/uploads\/2024\/12\/0229-03a.jpg 1300w, https:\/\/wgphoto.pl\/t\/wp-content\/uploads\/2024\/12\/0229-03a-300x199.jpg 300w, https:\/\/wgphoto.pl\/t\/wp-content\/uploads\/2024\/12\/0229-03a-768x509.jpg 768w\" sizes=\"auto, (max-width: 1300px) 100vw, 1300px\" \/><\/figure>\n\n\n\n<div class=\"wp-block-group has-global-padding is-layout-constrained wp-block-group-is-layout-constrained\">\n<p>\u015awi\u0119ta Katarzyna &#8211; Wroc\u0142aw Broch\u00f3w WBA. EU07-320 z CM Krak\u00f3w z poci\u0105giem pospiesznym 3603 z Przemy\u015bla do Wroc\u0142awia za kilkana\u015bcie kilometr\u00f3w osi\u0105gnie stacj\u0119 docelow\u0105. 24.11.2002<\/p>\n<\/div>\n","protected":false},"excerpt":{"rendered":"<p>\u015awi\u0119ta Katarzyna &#8211; Wroc\u0142aw Broch\u00f3w WBA. EU07-320 z CM Krak\u00f3w z poci\u0105giem pospiesznym 3603 z Przemy\u015bla do Wroc\u0142awia za kilkana\u015bcie kilometr\u00f3w osi\u0105gnie stacj\u0119 docelow\u0105. 24.11.2002<\/p>\n","protected":false},"author":1,"featured_media":7180,"comment_status":"open","ping_status":"","sticky":false,"template":"","format":"standard","meta":{"footnotes":""},"categories":[62,2,577],"tags":[2526,122,63,27,1681,711,1758],"class_list":["post-7179","post","type-post","status-publish","format-standard","has-post-thumbnail","hentry","category-analog","category-kolej","category-rok-2002","tag-2002-11-24","tag-eu07","tag-pkp","tag-polska","tag-swieta-katarzyna","tag-tab-pl220","tag-wroclaw-brochow"],"_links":{"self":[{"href":"https:\/\/wgphoto.pl\/t\/index.php?rest_route=\/wp\/v2\/posts\/7179","targetHints":{"allow":["GET"]}}],"collection":[{"href":"https:\/\/wgphoto.pl\/t\/index.php?rest_route=\/wp\/v2\/posts"}],"about":[{"href":"https:\/\/wgphoto.pl\/t\/index.php?rest_route=\/wp\/v2\/types\/post"}],"author":[{"embeddable":true,"href":"https:\/\/wgphoto.pl\/t\/index.php?rest_route=\/wp\/v2\/users\/1"}],"replies":[{"embeddable":true,"href":"https:\/\/wgphoto.pl\/t\/index.php?rest_route=%2Fwp%2Fv2%2Fcomments&post=7179"}],"version-history":[{"count":1,"href":"https:\/\/wgphoto.pl\/t\/index.php?rest_route=\/wp\/v2\/posts\/7179\/revisions"}],"predecessor-version":[{"id":7181,"href":"https:\/\/wgphoto.pl\/t\/index.php?rest_route=\/wp\/v2\/posts\/7179\/revisions\/7181"}],"wp:featuredmedia":[{"embeddable":true,"href":"https:\/\/wgphoto.pl\/t\/index.php?rest_route=\/wp\/v2\/media\/7180"}],"wp:attachment":[{"href":"https:\/\/wgphoto.pl\/t\/index.php?rest_route=%2Fwp%2Fv2%2Fmedia&parent=7179"}],"wp:term":[{"taxonomy":"category","embeddable":true,"href":"https:\/\/wgphoto.pl\/t\/index.php?rest_route=%2Fwp%2Fv2%2Fcategories&post=7179"},{"taxonomy":"post_tag","embeddable":true,"href":"https:\/\/wgphoto.pl\/t\/index.php?rest_route=%2Fwp%2Fv2%2Ftags&post=7179"}],"curies":[{"name":"wp","href":"https:\/\/api.w.org\/{rel}","templated":true}]}}