{"id":7182,"date":"2024-12-09T22:25:36","date_gmt":"2024-12-09T21:25:36","guid":{"rendered":"https:\/\/wgphoto.pl\/t\/?p=7182"},"modified":"2024-12-09T22:25:36","modified_gmt":"2024-12-09T21:25:36","slug":"bezsenna-noc-w-dreznie","status":"publish","type":"post","link":"https:\/\/wgphoto.pl\/t\/?p=7182","title":{"rendered":"Bezsenna noc w Dre\u017anie"},"content":{"rendered":"\n<figure class=\"wp-block-image aligncenter size-full\"><img loading=\"lazy\" decoding=\"async\" width=\"1300\" height=\"861\" src=\"https:\/\/wgphoto.pl\/t\/wp-content\/uploads\/2024\/12\/IMGP4082.jpg\" alt=\"\" class=\"wp-image-7184\" srcset=\"https:\/\/wgphoto.pl\/t\/wp-content\/uploads\/2024\/12\/IMGP4082.jpg 1300w, https:\/\/wgphoto.pl\/t\/wp-content\/uploads\/2024\/12\/IMGP4082-300x199.jpg 300w, https:\/\/wgphoto.pl\/t\/wp-content\/uploads\/2024\/12\/IMGP4082-768x509.jpg 768w\" sizes=\"auto, (max-width: 1300px) 100vw, 1300px\" \/><\/figure>\n\n\n\n<div class=\"wp-block-group has-global-padding is-layout-constrained wp-block-group-is-layout-constrained\">\n<p>Drezno, Fritz-L\u00f6ffler-Stra\u00dfe (lub te\u017c Am Hauptbahnhof), NGTD12DD 2812 na przystanku przy dworcu g\u0142\u00f3wnym. Ci\u0119\u017cko stwierdzi\u0107, czy motorniczy patrzy w lustro, czy na fotografa stercz\u0105cego w \u015brodku nocy na wiadukcie. \ud83d\ude09 18.09.2021<\/p>\n<\/div>\n","protected":false},"excerpt":{"rendered":"<p>Drezno, Fritz-L\u00f6ffler-Stra\u00dfe (lub te\u017c Am Hauptbahnhof), NGTD12DD 2812 na przystanku przy dworcu g\u0142\u00f3wnym. Ci\u0119\u017cko stwierdzi\u0107, czy motorniczy patrzy w lustro, czy na fotografa stercz\u0105cego w \u015brodku nocy na wiadukcie. \ud83d\ude09 18.09.2021<\/p>\n","protected":false},"author":1,"featured_media":7184,"comment_status":"open","ping_status":"","sticky":false,"template":"","format":"standard","meta":{"footnotes":""},"categories":[681,3],"tags":[2527,1126,857,851,850,179,23,2202,154,143],"class_list":["post-7182","post","type-post","status-publish","format-standard","has-post-thumbnail","hentry","category-rok-2021","category-tramwaj","tag-2021-09-18","tag-bombardier-flexity-classic","tag-dresden-hauptbahnhof","tag-drezno","tag-dvb-dresden","tag-hala-peronowa","tag-niemcy","tag-niemieckie-wakacje-2021","tag-noc","tag-ponad-30m"],"_links":{"self":[{"href":"https:\/\/wgphoto.pl\/t\/index.php?rest_route=\/wp\/v2\/posts\/7182","targetHints":{"allow":["GET"]}}],"collection":[{"href":"https:\/\/wgphoto.pl\/t\/index.php?rest_route=\/wp\/v2\/posts"}],"about":[{"href":"https:\/\/wgphoto.pl\/t\/index.php?rest_route=\/wp\/v2\/types\/post"}],"author":[{"embeddable":true,"href":"https:\/\/wgphoto.pl\/t\/index.php?rest_route=\/wp\/v2\/users\/1"}],"replies":[{"embeddable":true,"href":"https:\/\/wgphoto.pl\/t\/index.php?rest_route=%2Fwp%2Fv2%2Fcomments&post=7182"}],"version-history":[{"count":1,"href":"https:\/\/wgphoto.pl\/t\/index.php?rest_route=\/wp\/v2\/posts\/7182\/revisions"}],"predecessor-version":[{"id":7185,"href":"https:\/\/wgphoto.pl\/t\/index.php?rest_route=\/wp\/v2\/posts\/7182\/revisions\/7185"}],"wp:featuredmedia":[{"embeddable":true,"href":"https:\/\/wgphoto.pl\/t\/index.php?rest_route=\/wp\/v2\/media\/7184"}],"wp:attachment":[{"href":"https:\/\/wgphoto.pl\/t\/index.php?rest_route=%2Fwp%2Fv2%2Fmedia&parent=7182"}],"wp:term":[{"taxonomy":"category","embeddable":true,"href":"https:\/\/wgphoto.pl\/t\/index.php?rest_route=%2Fwp%2Fv2%2Fcategories&post=7182"},{"taxonomy":"post_tag","embeddable":true,"href":"https:\/\/wgphoto.pl\/t\/index.php?rest_route=%2Fwp%2Fv2%2Ftags&post=7182"}],"curies":[{"name":"wp","href":"https:\/\/api.w.org\/{rel}","templated":true}]}}