{"id":7195,"date":"2024-12-10T18:42:22","date_gmt":"2024-12-10T17:42:22","guid":{"rendered":"https:\/\/wgphoto.pl\/t\/?p=7195"},"modified":"2025-08-09T13:10:05","modified_gmt":"2025-08-09T11:10:05","slug":"porto-torres-marittima","status":"publish","type":"post","link":"https:\/\/wgphoto.pl\/t\/?p=7195","title":{"rendered":"Porto Torres Marittima"},"content":{"rendered":"\n<figure class=\"wp-block-image aligncenter size-full\"><img loading=\"lazy\" decoding=\"async\" width=\"1200\" height=\"803\" src=\"https:\/\/wgphoto.pl\/t\/wp-content\/uploads\/2024\/12\/IMGP7381.jpg\" alt=\"\" class=\"wp-image-7196\" srcset=\"https:\/\/wgphoto.pl\/t\/wp-content\/uploads\/2024\/12\/IMGP7381.jpg 1200w, https:\/\/wgphoto.pl\/t\/wp-content\/uploads\/2024\/12\/IMGP7381-300x201.jpg 300w, https:\/\/wgphoto.pl\/t\/wp-content\/uploads\/2024\/12\/IMGP7381-768x514.jpg 768w\" sizes=\"auto, (max-width: 1200px) 100vw, 1200px\" \/><\/figure>\n\n\n\n<div class=\"wp-block-group has-global-padding is-layout-constrained wp-block-group-is-layout-constrained\">\n<p>Poci\u0105g osobowy z Sassari sko\u0144czy\u0142 bieg i za jaki\u015b czas tam\u017ce wr\u00f3ci. Dworzec pusty, zamkni\u0119ty na g\u0142ucho i posprejowany &#8211; sk\u0105d my to znamy. 2012-03-23<\/p>\n<\/div>\n","protected":false},"excerpt":{"rendered":"<p>Poci\u0105g osobowy z Sassari sko\u0144czy\u0142 bieg i za jaki\u015b czas tam\u017ce wr\u00f3ci. Dworzec pusty, zamkni\u0119ty na g\u0142ucho i posprejowany &#8211; sk\u0105d my to znamy. 2012-03-23<\/p>\n","protected":false},"author":1,"featured_media":7196,"comment_status":"open","ping_status":"","sticky":false,"template":"","format":"standard","meta":{"footnotes":""},"categories":[2,46],"tags":[1692,4462,112,173,2531,1691,110],"class_list":["post-7195","post","type-post","status-publish","format-standard","has-post-thumbnail","hentry","category-kolej","category-rok-2012","tag-2012-03-23","tag-aln668","tag-fs","tag-koncowki","tag-porto-torres-marittima","tag-sardynia","tag-wlochy"],"_links":{"self":[{"href":"https:\/\/wgphoto.pl\/t\/index.php?rest_route=\/wp\/v2\/posts\/7195","targetHints":{"allow":["GET"]}}],"collection":[{"href":"https:\/\/wgphoto.pl\/t\/index.php?rest_route=\/wp\/v2\/posts"}],"about":[{"href":"https:\/\/wgphoto.pl\/t\/index.php?rest_route=\/wp\/v2\/types\/post"}],"author":[{"embeddable":true,"href":"https:\/\/wgphoto.pl\/t\/index.php?rest_route=\/wp\/v2\/users\/1"}],"replies":[{"embeddable":true,"href":"https:\/\/wgphoto.pl\/t\/index.php?rest_route=%2Fwp%2Fv2%2Fcomments&post=7195"}],"version-history":[{"count":1,"href":"https:\/\/wgphoto.pl\/t\/index.php?rest_route=\/wp\/v2\/posts\/7195\/revisions"}],"predecessor-version":[{"id":7197,"href":"https:\/\/wgphoto.pl\/t\/index.php?rest_route=\/wp\/v2\/posts\/7195\/revisions\/7197"}],"wp:featuredmedia":[{"embeddable":true,"href":"https:\/\/wgphoto.pl\/t\/index.php?rest_route=\/wp\/v2\/media\/7196"}],"wp:attachment":[{"href":"https:\/\/wgphoto.pl\/t\/index.php?rest_route=%2Fwp%2Fv2%2Fmedia&parent=7195"}],"wp:term":[{"taxonomy":"category","embeddable":true,"href":"https:\/\/wgphoto.pl\/t\/index.php?rest_route=%2Fwp%2Fv2%2Fcategories&post=7195"},{"taxonomy":"post_tag","embeddable":true,"href":"https:\/\/wgphoto.pl\/t\/index.php?rest_route=%2Fwp%2Fv2%2Ftags&post=7195"}],"curies":[{"name":"wp","href":"https:\/\/api.w.org\/{rel}","templated":true}]}}