{"id":7198,"date":"2024-12-10T18:43:50","date_gmt":"2024-12-10T17:43:50","guid":{"rendered":"https:\/\/wgphoto.pl\/t\/?p=7198"},"modified":"2025-12-21T20:30:07","modified_gmt":"2025-12-21T19:30:07","slug":"kotlet-w-parku","status":"publish","type":"post","link":"https:\/\/wgphoto.pl\/t\/?p=7198","title":{"rendered":"Kotlet w parku"},"content":{"rendered":"\n<figure class=\"wp-block-image aligncenter size-full\"><img loading=\"lazy\" decoding=\"async\" width=\"1200\" height=\"795\" src=\"https:\/\/wgphoto.pl\/t\/wp-content\/uploads\/2024\/12\/IMGP8628.jpg\" alt=\"\" class=\"wp-image-7199\" srcset=\"https:\/\/wgphoto.pl\/t\/wp-content\/uploads\/2024\/12\/IMGP8628.jpg 1200w, https:\/\/wgphoto.pl\/t\/wp-content\/uploads\/2024\/12\/IMGP8628-300x199.jpg 300w, https:\/\/wgphoto.pl\/t\/wp-content\/uploads\/2024\/12\/IMGP8628-768x509.jpg 768w\" sizes=\"auto, (max-width: 1200px) 100vw, 1200px\" \/><\/figure>\n\n\n\n<div class=\"wp-block-group has-global-padding is-layout-constrained wp-block-group-is-layout-constrained\">\n<p>Wroc\u0142aw, p\u0119tla Park Po\u0142udniowy. Wiem \u017ce odgrzewam kotleta, bo pomys\u0142 ze zdj\u0119ciem z krzy\u017cownicy wykorzystywa\u0142em ju\u017c kilkukrotnie, ale jako\u015b tak uda\u0142o mi si\u0119 zadowalaj\u0105co obrobi\u0107 to foto pochodz\u0105ce w\u0142a\u015bnie z pierwszych pr\u00f3b nienoszenia statywu do pracy, wi\u0119c wrzucam. \ud83d\ude09 2016-12-10<\/p>\n<\/div>\n","protected":false},"excerpt":{"rendered":"<p>Wroc\u0142aw, p\u0119tla Park Po\u0142udniowy. Wiem \u017ce odgrzewam kotleta, bo pomys\u0142 ze zdj\u0119ciem z krzy\u017cownicy wykorzystywa\u0142em ju\u017c kilkukrotnie, ale jako\u015b tak uda\u0142o mi si\u0119 zadowalaj\u0105co obrobi\u0107 to foto pochodz\u0105ce w\u0142a\u015bnie z pierwszych pr\u00f3b nienoszenia statywu do pracy, wi\u0119c wrzucam. \ud83d\ude09 2016-12-10<\/p>\n","protected":false},"author":1,"featured_media":7199,"comment_status":"open","ping_status":"","sticky":false,"template":"","format":"standard","meta":{"footnotes":""},"categories":[125,3],"tags":[2532,230,4603,501,42,154,27,439,41],"class_list":["post-7198","post","type-post","status-publish","format-standard","has-post-thumbnail","hentry","category-rok-2016","category-tramwaj","tag-2016-12-10","tag-infrastruktura","tag-mf19ac","tag-moderus-beta","tag-mpk-wroclaw","tag-noc","tag-polska","tag-we-fabryce","tag-wroclaw"],"_links":{"self":[{"href":"https:\/\/wgphoto.pl\/t\/index.php?rest_route=\/wp\/v2\/posts\/7198","targetHints":{"allow":["GET"]}}],"collection":[{"href":"https:\/\/wgphoto.pl\/t\/index.php?rest_route=\/wp\/v2\/posts"}],"about":[{"href":"https:\/\/wgphoto.pl\/t\/index.php?rest_route=\/wp\/v2\/types\/post"}],"author":[{"embeddable":true,"href":"https:\/\/wgphoto.pl\/t\/index.php?rest_route=\/wp\/v2\/users\/1"}],"replies":[{"embeddable":true,"href":"https:\/\/wgphoto.pl\/t\/index.php?rest_route=%2Fwp%2Fv2%2Fcomments&post=7198"}],"version-history":[{"count":1,"href":"https:\/\/wgphoto.pl\/t\/index.php?rest_route=\/wp\/v2\/posts\/7198\/revisions"}],"predecessor-version":[{"id":7200,"href":"https:\/\/wgphoto.pl\/t\/index.php?rest_route=\/wp\/v2\/posts\/7198\/revisions\/7200"}],"wp:featuredmedia":[{"embeddable":true,"href":"https:\/\/wgphoto.pl\/t\/index.php?rest_route=\/wp\/v2\/media\/7199"}],"wp:attachment":[{"href":"https:\/\/wgphoto.pl\/t\/index.php?rest_route=%2Fwp%2Fv2%2Fmedia&parent=7198"}],"wp:term":[{"taxonomy":"category","embeddable":true,"href":"https:\/\/wgphoto.pl\/t\/index.php?rest_route=%2Fwp%2Fv2%2Fcategories&post=7198"},{"taxonomy":"post_tag","embeddable":true,"href":"https:\/\/wgphoto.pl\/t\/index.php?rest_route=%2Fwp%2Fv2%2Ftags&post=7198"}],"curies":[{"name":"wp","href":"https:\/\/api.w.org\/{rel}","templated":true}]}}