{"id":720,"date":"2024-09-30T19:54:05","date_gmt":"2024-09-30T17:54:05","guid":{"rendered":"https:\/\/wgphoto.pl\/t\/?p=720"},"modified":"2024-09-30T19:57:13","modified_gmt":"2024-09-30T17:57:13","slug":"pogorze-bukowskie","status":"publish","type":"post","link":"https:\/\/wgphoto.pl\/t\/?p=720","title":{"rendered":"Pog\u00f3rze Bukowskie"},"content":{"rendered":"\n<figure class=\"wp-block-image aligncenter size-full\"><img loading=\"lazy\" decoding=\"async\" width=\"750\" height=\"1000\" src=\"https:\/\/wgphoto.pl\/t\/wp-content\/uploads\/2024\/09\/IMGP4932.jpg\" alt=\"\" class=\"wp-image-721\" srcset=\"https:\/\/wgphoto.pl\/t\/wp-content\/uploads\/2024\/09\/IMGP4932.jpg 750w, https:\/\/wgphoto.pl\/t\/wp-content\/uploads\/2024\/09\/IMGP4932-225x300.jpg 225w\" sizes=\"auto, (max-width: 750px) 100vw, 750px\" \/><\/figure>\n\n\n\n<div class=\"wp-block-group has-global-padding is-layout-constrained wp-block-group-is-layout-constrained\">\n<p>Odcinek Moroch\u00f3w &#8211; Mokre Ma\u0142opolskie. ST43-227 wiezie kontenery do \u0141upkowa. Uwa\u017cny obserwator dostrze\u017ce na zboczu w tle drewnian\u0105 cerkiew. 22.07.2010<\/p>\n<\/div>\n","protected":false},"excerpt":{"rendered":"<p>Odcinek Moroch\u00f3w &#8211; Mokre Ma\u0142opolskie. ST43-227 wiezie kontenery do \u0141upkowa. Uwa\u017cny obserwator dostrze\u017ce na zboczu w tle drewnian\u0105 cerkiew. 22.07.2010<\/p>\n","protected":false},"author":1,"featured_media":721,"comment_status":"open","ping_status":"","sticky":false,"template":"","format":"standard","meta":{"footnotes":""},"categories":[2,128,86],"tags":[345,113,343,346,63,341,27,64,344],"class_list":["post-720","post","type-post","status-publish","format-standard","has-post-thumbnail","hentry","category-kolej","category-pionowe","category-rok-2010","tag-2010-07-22","tag-landszaft","tag-mokre-malopolskie","tag-morochow","tag-pkp","tag-podkarpacie-2010","tag-polska","tag-st43","tag-tab-pl134"],"_links":{"self":[{"href":"https:\/\/wgphoto.pl\/t\/index.php?rest_route=\/wp\/v2\/posts\/720","targetHints":{"allow":["GET"]}}],"collection":[{"href":"https:\/\/wgphoto.pl\/t\/index.php?rest_route=\/wp\/v2\/posts"}],"about":[{"href":"https:\/\/wgphoto.pl\/t\/index.php?rest_route=\/wp\/v2\/types\/post"}],"author":[{"embeddable":true,"href":"https:\/\/wgphoto.pl\/t\/index.php?rest_route=\/wp\/v2\/users\/1"}],"replies":[{"embeddable":true,"href":"https:\/\/wgphoto.pl\/t\/index.php?rest_route=%2Fwp%2Fv2%2Fcomments&post=720"}],"version-history":[{"count":2,"href":"https:\/\/wgphoto.pl\/t\/index.php?rest_route=\/wp\/v2\/posts\/720\/revisions"}],"predecessor-version":[{"id":723,"href":"https:\/\/wgphoto.pl\/t\/index.php?rest_route=\/wp\/v2\/posts\/720\/revisions\/723"}],"wp:featuredmedia":[{"embeddable":true,"href":"https:\/\/wgphoto.pl\/t\/index.php?rest_route=\/wp\/v2\/media\/721"}],"wp:attachment":[{"href":"https:\/\/wgphoto.pl\/t\/index.php?rest_route=%2Fwp%2Fv2%2Fmedia&parent=720"}],"wp:term":[{"taxonomy":"category","embeddable":true,"href":"https:\/\/wgphoto.pl\/t\/index.php?rest_route=%2Fwp%2Fv2%2Fcategories&post=720"},{"taxonomy":"post_tag","embeddable":true,"href":"https:\/\/wgphoto.pl\/t\/index.php?rest_route=%2Fwp%2Fv2%2Ftags&post=720"}],"curies":[{"name":"wp","href":"https:\/\/api.w.org\/{rel}","templated":true}]}}