{"id":7204,"date":"2024-12-10T18:46:38","date_gmt":"2024-12-10T17:46:38","guid":{"rendered":"https:\/\/wgphoto.pl\/t\/?p=7204"},"modified":"2024-12-10T18:46:38","modified_gmt":"2024-12-10T17:46:38","slug":"zima-panie","status":"publish","type":"post","link":"https:\/\/wgphoto.pl\/t\/?p=7204","title":{"rendered":"Zima, panie!"},"content":{"rendered":"\n<figure class=\"wp-block-image aligncenter size-full\"><img loading=\"lazy\" decoding=\"async\" width=\"1050\" height=\"742\" src=\"https:\/\/wgphoto.pl\/t\/wp-content\/uploads\/2024\/12\/0534-24.jpg\" alt=\"\" class=\"wp-image-7205\" srcset=\"https:\/\/wgphoto.pl\/t\/wp-content\/uploads\/2024\/12\/0534-24.jpg 1050w, https:\/\/wgphoto.pl\/t\/wp-content\/uploads\/2024\/12\/0534-24-300x212.jpg 300w, https:\/\/wgphoto.pl\/t\/wp-content\/uploads\/2024\/12\/0534-24-768x543.jpg 768w\" sizes=\"auto, (max-width: 1050px) 100vw, 1050px\" \/><\/figure>\n\n\n\n<div class=\"wp-block-group has-global-padding is-layout-constrained wp-block-group-is-layout-constrained\">\n<p>Dy\u017curny ruchu nadzoruje prac\u0119 kombajnu od\u015bnie\u017cnego na stacji Wis\u0142a G\u0142\u0119bce. 2005-12-30<\/p>\n<\/div>\n","protected":false},"excerpt":{"rendered":"<p>Dy\u017curny ruchu nadzoruje prac\u0119 kombajnu od\u015bnie\u017cnego na stacji Wis\u0142a G\u0142\u0119bce. 2005-12-30<\/p>\n","protected":false},"author":1,"featured_media":7205,"comment_status":"open","ping_status":"","sticky":false,"template":"","format":"standard","meta":{"footnotes":""},"categories":[62,2,311],"tags":[2348,313,63,27,409,44,2347,2533],"class_list":["post-7204","post","type-post","status-publish","format-standard","has-post-thumbnail","hentry","category-analog","category-kolej","category-rok-2005","tag-2005-12-30","tag-dyzurny","tag-pkp","tag-polska","tag-roboczy","tag-snieg","tag-tab-pl146","tag-wisla-glebce-2"],"_links":{"self":[{"href":"https:\/\/wgphoto.pl\/t\/index.php?rest_route=\/wp\/v2\/posts\/7204","targetHints":{"allow":["GET"]}}],"collection":[{"href":"https:\/\/wgphoto.pl\/t\/index.php?rest_route=\/wp\/v2\/posts"}],"about":[{"href":"https:\/\/wgphoto.pl\/t\/index.php?rest_route=\/wp\/v2\/types\/post"}],"author":[{"embeddable":true,"href":"https:\/\/wgphoto.pl\/t\/index.php?rest_route=\/wp\/v2\/users\/1"}],"replies":[{"embeddable":true,"href":"https:\/\/wgphoto.pl\/t\/index.php?rest_route=%2Fwp%2Fv2%2Fcomments&post=7204"}],"version-history":[{"count":1,"href":"https:\/\/wgphoto.pl\/t\/index.php?rest_route=\/wp\/v2\/posts\/7204\/revisions"}],"predecessor-version":[{"id":7206,"href":"https:\/\/wgphoto.pl\/t\/index.php?rest_route=\/wp\/v2\/posts\/7204\/revisions\/7206"}],"wp:featuredmedia":[{"embeddable":true,"href":"https:\/\/wgphoto.pl\/t\/index.php?rest_route=\/wp\/v2\/media\/7205"}],"wp:attachment":[{"href":"https:\/\/wgphoto.pl\/t\/index.php?rest_route=%2Fwp%2Fv2%2Fmedia&parent=7204"}],"wp:term":[{"taxonomy":"category","embeddable":true,"href":"https:\/\/wgphoto.pl\/t\/index.php?rest_route=%2Fwp%2Fv2%2Fcategories&post=7204"},{"taxonomy":"post_tag","embeddable":true,"href":"https:\/\/wgphoto.pl\/t\/index.php?rest_route=%2Fwp%2Fv2%2Ftags&post=7204"}],"curies":[{"name":"wp","href":"https:\/\/api.w.org\/{rel}","templated":true}]}}