{"id":7213,"date":"2024-12-10T18:50:08","date_gmt":"2024-12-10T17:50:08","guid":{"rendered":"https:\/\/wgphoto.pl\/t\/?p=7213"},"modified":"2024-12-10T18:50:08","modified_gmt":"2024-12-10T17:50:08","slug":"2019","status":"publish","type":"post","link":"https:\/\/wgphoto.pl\/t\/?p=7213","title":{"rendered":"2019"},"content":{"rendered":"\n<figure class=\"wp-block-image aligncenter size-full\"><img loading=\"lazy\" decoding=\"async\" width=\"800\" height=\"1067\" src=\"https:\/\/wgphoto.pl\/t\/wp-content\/uploads\/2024\/12\/0333-01.jpg\" alt=\"\" class=\"wp-image-7214\" srcset=\"https:\/\/wgphoto.pl\/t\/wp-content\/uploads\/2024\/12\/0333-01.jpg 800w, https:\/\/wgphoto.pl\/t\/wp-content\/uploads\/2024\/12\/0333-01-225x300.jpg 225w, https:\/\/wgphoto.pl\/t\/wp-content\/uploads\/2024\/12\/0333-01-768x1024.jpg 768w\" sizes=\"auto, (max-width: 800px) 100vw, 800px\" \/><\/figure>\n\n\n\n<div class=\"wp-block-group has-global-padding is-layout-constrained wp-block-group-is-layout-constrained\">\n<p>Wroc\u0142aw p\u0119tla S\u0119polno. 2019 przyjecha\u0142. \ud83d\ude09 Wszystkiego dobrego w tym\u017ce roku! 2003-08-30<\/p>\n<\/div>\n","protected":false},"excerpt":{"rendered":"<p>Wroc\u0142aw p\u0119tla S\u0119polno. 2019 przyjecha\u0142. \ud83d\ude09 Wszystkiego dobrego w tym\u017ce roku! 2003-08-30<\/p>\n","protected":false},"author":1,"featured_media":7214,"comment_status":"open","ping_status":"","sticky":false,"template":"","format":"standard","meta":{"footnotes":""},"categories":[62,128,149,3],"tags":[2534,309,42,154,27,41,846],"class_list":["post-7213","post","type-post","status-publish","format-standard","has-post-thumbnail","hentry","category-analog","category-pionowe","category-rok-2003","category-tramwaj","tag-2003-08-30","tag-konstal-102na","tag-mpk-wroclaw","tag-noc","tag-polska","tag-wroclaw","tag-wroclawskie-linie-nocne"],"_links":{"self":[{"href":"https:\/\/wgphoto.pl\/t\/index.php?rest_route=\/wp\/v2\/posts\/7213","targetHints":{"allow":["GET"]}}],"collection":[{"href":"https:\/\/wgphoto.pl\/t\/index.php?rest_route=\/wp\/v2\/posts"}],"about":[{"href":"https:\/\/wgphoto.pl\/t\/index.php?rest_route=\/wp\/v2\/types\/post"}],"author":[{"embeddable":true,"href":"https:\/\/wgphoto.pl\/t\/index.php?rest_route=\/wp\/v2\/users\/1"}],"replies":[{"embeddable":true,"href":"https:\/\/wgphoto.pl\/t\/index.php?rest_route=%2Fwp%2Fv2%2Fcomments&post=7213"}],"version-history":[{"count":1,"href":"https:\/\/wgphoto.pl\/t\/index.php?rest_route=\/wp\/v2\/posts\/7213\/revisions"}],"predecessor-version":[{"id":7215,"href":"https:\/\/wgphoto.pl\/t\/index.php?rest_route=\/wp\/v2\/posts\/7213\/revisions\/7215"}],"wp:featuredmedia":[{"embeddable":true,"href":"https:\/\/wgphoto.pl\/t\/index.php?rest_route=\/wp\/v2\/media\/7214"}],"wp:attachment":[{"href":"https:\/\/wgphoto.pl\/t\/index.php?rest_route=%2Fwp%2Fv2%2Fmedia&parent=7213"}],"wp:term":[{"taxonomy":"category","embeddable":true,"href":"https:\/\/wgphoto.pl\/t\/index.php?rest_route=%2Fwp%2Fv2%2Fcategories&post=7213"},{"taxonomy":"post_tag","embeddable":true,"href":"https:\/\/wgphoto.pl\/t\/index.php?rest_route=%2Fwp%2Fv2%2Ftags&post=7213"}],"curies":[{"name":"wp","href":"https:\/\/api.w.org\/{rel}","templated":true}]}}