{"id":7216,"date":"2024-12-10T18:51:21","date_gmt":"2024-12-10T17:51:21","guid":{"rendered":"https:\/\/wgphoto.pl\/t\/?p=7216"},"modified":"2024-12-10T18:51:21","modified_gmt":"2024-12-10T17:51:21","slug":"po-mokrej-szynie-jezdzi-sie-lepiej","status":"publish","type":"post","link":"https:\/\/wgphoto.pl\/t\/?p=7216","title":{"rendered":"Po mokrej szynie je\u017adzi si\u0119 lepiej"},"content":{"rendered":"\n<figure class=\"wp-block-image aligncenter size-full\"><img loading=\"lazy\" decoding=\"async\" width=\"1200\" height=\"800\" src=\"https:\/\/wgphoto.pl\/t\/wp-content\/uploads\/2024\/12\/0822-10a.jpg\" alt=\"\" class=\"wp-image-7217\" srcset=\"https:\/\/wgphoto.pl\/t\/wp-content\/uploads\/2024\/12\/0822-10a.jpg 1200w, https:\/\/wgphoto.pl\/t\/wp-content\/uploads\/2024\/12\/0822-10a-300x200.jpg 300w, https:\/\/wgphoto.pl\/t\/wp-content\/uploads\/2024\/12\/0822-10a-768x512.jpg 768w\" sizes=\"auto, (max-width: 1200px) 100vw, 1200px\" \/><\/figure>\n\n\n\n<div class=\"wp-block-group has-global-padding is-layout-constrained wp-block-group-is-layout-constrained\">\n<p>204WrAs 2612+2611 podczas postoju na p\u0119tli Klecina. W\u00f3z po podmianie, gdy\u017c wcze\u015bniejszy, 2316, zachowa\u0142 si\u0119 bardzo brzydko przepuszczaj\u0105c na hamowaniu podczas podje\u017cd\u017cania w korku na zje\u017adzie z most\u00f3w M\u0142y\u0144skich. Za to Protram bez piasku po mokrej szynie \u015bmiga a\u017c mi\u0142o! 2008-11-25<\/p>\n<\/div>\n","protected":false},"excerpt":{"rendered":"<p>204WrAs 2612+2611 podczas postoju na p\u0119tli Klecina. W\u00f3z po podmianie, gdy\u017c wcze\u015bniejszy, 2316, zachowa\u0142 si\u0119 bardzo brzydko przepuszczaj\u0105c na hamowaniu podczas podje\u017cd\u017cania w korku na zje\u017adzie z most\u00f3w M\u0142y\u0144skich. Za to Protram bez piasku po mokrej szynie \u015bmiga a\u017c mi\u0142o! 2008-11-25<\/p>\n","protected":false},"author":1,"featured_media":7217,"comment_status":"open","ping_status":"","sticky":false,"template":"","format":"standard","meta":{"footnotes":""},"categories":[62,120,3],"tags":[2535,42,154,27,1577,439,41],"class_list":["post-7216","post","type-post","status-publish","format-standard","has-post-thumbnail","hentry","category-analog","category-rok-2008","category-tramwaj","tag-2008-11-25","tag-mpk-wroclaw","tag-noc","tag-polska","tag-protram-204wras","tag-we-fabryce","tag-wroclaw"],"_links":{"self":[{"href":"https:\/\/wgphoto.pl\/t\/index.php?rest_route=\/wp\/v2\/posts\/7216","targetHints":{"allow":["GET"]}}],"collection":[{"href":"https:\/\/wgphoto.pl\/t\/index.php?rest_route=\/wp\/v2\/posts"}],"about":[{"href":"https:\/\/wgphoto.pl\/t\/index.php?rest_route=\/wp\/v2\/types\/post"}],"author":[{"embeddable":true,"href":"https:\/\/wgphoto.pl\/t\/index.php?rest_route=\/wp\/v2\/users\/1"}],"replies":[{"embeddable":true,"href":"https:\/\/wgphoto.pl\/t\/index.php?rest_route=%2Fwp%2Fv2%2Fcomments&post=7216"}],"version-history":[{"count":1,"href":"https:\/\/wgphoto.pl\/t\/index.php?rest_route=\/wp\/v2\/posts\/7216\/revisions"}],"predecessor-version":[{"id":7218,"href":"https:\/\/wgphoto.pl\/t\/index.php?rest_route=\/wp\/v2\/posts\/7216\/revisions\/7218"}],"wp:featuredmedia":[{"embeddable":true,"href":"https:\/\/wgphoto.pl\/t\/index.php?rest_route=\/wp\/v2\/media\/7217"}],"wp:attachment":[{"href":"https:\/\/wgphoto.pl\/t\/index.php?rest_route=%2Fwp%2Fv2%2Fmedia&parent=7216"}],"wp:term":[{"taxonomy":"category","embeddable":true,"href":"https:\/\/wgphoto.pl\/t\/index.php?rest_route=%2Fwp%2Fv2%2Fcategories&post=7216"},{"taxonomy":"post_tag","embeddable":true,"href":"https:\/\/wgphoto.pl\/t\/index.php?rest_route=%2Fwp%2Fv2%2Ftags&post=7216"}],"curies":[{"name":"wp","href":"https:\/\/api.w.org\/{rel}","templated":true}]}}