{"id":7225,"date":"2024-12-10T18:54:32","date_gmt":"2024-12-10T17:54:32","guid":{"rendered":"https:\/\/wgphoto.pl\/t\/?p=7225"},"modified":"2024-12-10T18:54:32","modified_gmt":"2024-12-10T17:54:32","slug":"biala-noc","status":"publish","type":"post","link":"https:\/\/wgphoto.pl\/t\/?p=7225","title":{"rendered":"Bia\u0142a noc"},"content":{"rendered":"\n<figure class=\"wp-block-image aligncenter size-full\"><img loading=\"lazy\" decoding=\"async\" width=\"1200\" height=\"800\" src=\"https:\/\/wgphoto.pl\/t\/wp-content\/uploads\/2024\/12\/0822-28a.jpg\" alt=\"\" class=\"wp-image-7226\" srcset=\"https:\/\/wgphoto.pl\/t\/wp-content\/uploads\/2024\/12\/0822-28a.jpg 1200w, https:\/\/wgphoto.pl\/t\/wp-content\/uploads\/2024\/12\/0822-28a-300x200.jpg 300w, https:\/\/wgphoto.pl\/t\/wp-content\/uploads\/2024\/12\/0822-28a-768x512.jpg 768w\" sizes=\"auto, (max-width: 1200px) 100vw, 1200px\" \/><\/figure>\n\n\n\n<div class=\"wp-block-group has-global-padding is-layout-constrained wp-block-group-is-layout-constrained\">\n<p>102Na 2017 wykona z p\u0119tli Wroc\u0142awski Park Przemys\u0142owy pierwszy tego dnia kurs linii 20. Pewnie nie uwierzycie, \u017ce przed godzin\u0105 6 niebo by\u0142o a\u017c tak mocno roz\u015bwietlone \u0142un\u0105 miasta odbijaj\u0105c\u0105 si\u0119 od niskich chmur. Prosz\u0119 jednak zwr\u00f3ci\u0107 uwag\u0119 na jeszcze zasypane \u015bniegiem oba tory oraz tabliczk\u0119 przystankow\u0105, wskazuj\u0105c\u0105 odjazd pierwszej dwudziestki wg sobotniego rozk\u0142adu jazdy o godzinie 5:49 (po 19-minutowym postoju). 2009-01-02<\/p>\n<\/div>\n","protected":false},"excerpt":{"rendered":"<p>102Na 2017 wykona z p\u0119tli Wroc\u0142awski Park Przemys\u0142owy pierwszy tego dnia kurs linii 20. Pewnie nie uwierzycie, \u017ce przed godzin\u0105 6 niebo by\u0142o a\u017c tak mocno roz\u015bwietlone \u0142un\u0105 miasta odbijaj\u0105c\u0105 si\u0119 od niskich chmur. Prosz\u0119 jednak zwr\u00f3ci\u0107 uwag\u0119 na jeszcze zasypane \u015bniegiem oba tory oraz tabliczk\u0119 przystankow\u0105, wskazuj\u0105c\u0105 odjazd pierwszej dwudziestki wg sobotniego rozk\u0142adu jazdy [&hellip;]<\/p>\n","protected":false},"author":1,"featured_media":7226,"comment_status":"open","ping_status":"","sticky":false,"template":"","format":"standard","meta":{"footnotes":""},"categories":[62,169,3],"tags":[2372,309,42,154,27,176,44,439,41],"class_list":["post-7225","post","type-post","status-publish","format-standard","has-post-thumbnail","hentry","category-analog","category-rok-2009","category-tramwaj","tag-2009-01-02","tag-konstal-102na","tag-mpk-wroclaw","tag-noc","tag-polska","tag-rano","tag-snieg","tag-we-fabryce","tag-wroclaw"],"_links":{"self":[{"href":"https:\/\/wgphoto.pl\/t\/index.php?rest_route=\/wp\/v2\/posts\/7225","targetHints":{"allow":["GET"]}}],"collection":[{"href":"https:\/\/wgphoto.pl\/t\/index.php?rest_route=\/wp\/v2\/posts"}],"about":[{"href":"https:\/\/wgphoto.pl\/t\/index.php?rest_route=\/wp\/v2\/types\/post"}],"author":[{"embeddable":true,"href":"https:\/\/wgphoto.pl\/t\/index.php?rest_route=\/wp\/v2\/users\/1"}],"replies":[{"embeddable":true,"href":"https:\/\/wgphoto.pl\/t\/index.php?rest_route=%2Fwp%2Fv2%2Fcomments&post=7225"}],"version-history":[{"count":1,"href":"https:\/\/wgphoto.pl\/t\/index.php?rest_route=\/wp\/v2\/posts\/7225\/revisions"}],"predecessor-version":[{"id":7227,"href":"https:\/\/wgphoto.pl\/t\/index.php?rest_route=\/wp\/v2\/posts\/7225\/revisions\/7227"}],"wp:featuredmedia":[{"embeddable":true,"href":"https:\/\/wgphoto.pl\/t\/index.php?rest_route=\/wp\/v2\/media\/7226"}],"wp:attachment":[{"href":"https:\/\/wgphoto.pl\/t\/index.php?rest_route=%2Fwp%2Fv2%2Fmedia&parent=7225"}],"wp:term":[{"taxonomy":"category","embeddable":true,"href":"https:\/\/wgphoto.pl\/t\/index.php?rest_route=%2Fwp%2Fv2%2Fcategories&post=7225"},{"taxonomy":"post_tag","embeddable":true,"href":"https:\/\/wgphoto.pl\/t\/index.php?rest_route=%2Fwp%2Fv2%2Ftags&post=7225"}],"curies":[{"name":"wp","href":"https:\/\/api.w.org\/{rel}","templated":true}]}}