{"id":7231,"date":"2024-12-10T18:56:45","date_gmt":"2024-12-10T17:56:45","guid":{"rendered":"https:\/\/wgphoto.pl\/t\/?p=7231"},"modified":"2024-12-10T18:56:45","modified_gmt":"2024-12-10T17:56:45","slug":"arkady-capitol-2","status":"publish","type":"post","link":"https:\/\/wgphoto.pl\/t\/?p=7231","title":{"rendered":"Arkady Capitol"},"content":{"rendered":"\n<figure class=\"wp-block-image aligncenter size-full\"><img loading=\"lazy\" decoding=\"async\" width=\"1300\" height=\"867\" src=\"https:\/\/wgphoto.pl\/t\/wp-content\/uploads\/2024\/12\/0701-12.jpg\" alt=\"\" class=\"wp-image-7232\" srcset=\"https:\/\/wgphoto.pl\/t\/wp-content\/uploads\/2024\/12\/0701-12.jpg 1300w, https:\/\/wgphoto.pl\/t\/wp-content\/uploads\/2024\/12\/0701-12-300x200.jpg 300w, https:\/\/wgphoto.pl\/t\/wp-content\/uploads\/2024\/12\/0701-12-768x512.jpg 768w\" sizes=\"auto, (max-width: 1300px) 100vw, 1300px\" \/><\/figure>\n\n\n\n<div class=\"wp-block-group has-global-padding is-layout-constrained wp-block-group-is-layout-constrained\">\n<p>Wroc\u0142aw, ulica marsza\u0142ka J\u00f3zefa Pi\u0142sudskiego. Motyw tramwajowy reprezentuj\u0105 stodw\u00f3jka 2058 oraz 105Na 2488+2489, jest te\u017c motyw \u015bwi\u0105teczny, sympatycznie &#8222;zbokehowany&#8221; pomimo braku ma\u0142ej warto\u015bci przys\u0142ony oraz w og\u00f3le takiego zamys\u0142u. 2007-01-06<\/p>\n<\/div>\n","protected":false},"excerpt":{"rendered":"<p>Wroc\u0142aw, ulica marsza\u0142ka J\u00f3zefa Pi\u0142sudskiego. Motyw tramwajowy reprezentuj\u0105 stodw\u00f3jka 2058 oraz 105Na 2488+2489, jest te\u017c motyw \u015bwi\u0105teczny, sympatycznie &#8222;zbokehowany&#8221; pomimo braku ma\u0142ej warto\u015bci przys\u0142ony oraz w og\u00f3le takiego zamys\u0142u. 2007-01-06<\/p>\n","protected":false},"author":1,"featured_media":7232,"comment_status":"open","ping_status":"","sticky":false,"template":"","format":"standard","meta":{"footnotes":""},"categories":[62,96,3],"tags":[2539,309,42,154,27,1491,41],"class_list":["post-7231","post","type-post","status-publish","format-standard","has-post-thumbnail","hentry","category-analog","category-rok-2007","category-tramwaj","tag-2007-01-06","tag-konstal-102na","tag-mpk-wroclaw","tag-noc","tag-polska","tag-swiateczne-akcenty","tag-wroclaw"],"_links":{"self":[{"href":"https:\/\/wgphoto.pl\/t\/index.php?rest_route=\/wp\/v2\/posts\/7231","targetHints":{"allow":["GET"]}}],"collection":[{"href":"https:\/\/wgphoto.pl\/t\/index.php?rest_route=\/wp\/v2\/posts"}],"about":[{"href":"https:\/\/wgphoto.pl\/t\/index.php?rest_route=\/wp\/v2\/types\/post"}],"author":[{"embeddable":true,"href":"https:\/\/wgphoto.pl\/t\/index.php?rest_route=\/wp\/v2\/users\/1"}],"replies":[{"embeddable":true,"href":"https:\/\/wgphoto.pl\/t\/index.php?rest_route=%2Fwp%2Fv2%2Fcomments&post=7231"}],"version-history":[{"count":1,"href":"https:\/\/wgphoto.pl\/t\/index.php?rest_route=\/wp\/v2\/posts\/7231\/revisions"}],"predecessor-version":[{"id":7233,"href":"https:\/\/wgphoto.pl\/t\/index.php?rest_route=\/wp\/v2\/posts\/7231\/revisions\/7233"}],"wp:featuredmedia":[{"embeddable":true,"href":"https:\/\/wgphoto.pl\/t\/index.php?rest_route=\/wp\/v2\/media\/7232"}],"wp:attachment":[{"href":"https:\/\/wgphoto.pl\/t\/index.php?rest_route=%2Fwp%2Fv2%2Fmedia&parent=7231"}],"wp:term":[{"taxonomy":"category","embeddable":true,"href":"https:\/\/wgphoto.pl\/t\/index.php?rest_route=%2Fwp%2Fv2%2Fcategories&post=7231"},{"taxonomy":"post_tag","embeddable":true,"href":"https:\/\/wgphoto.pl\/t\/index.php?rest_route=%2Fwp%2Fv2%2Ftags&post=7231"}],"curies":[{"name":"wp","href":"https:\/\/api.w.org\/{rel}","templated":true}]}}