{"id":7237,"date":"2024-12-10T18:59:02","date_gmt":"2024-12-10T17:59:02","guid":{"rendered":"https:\/\/wgphoto.pl\/t\/?p=7237"},"modified":"2024-12-10T18:59:02","modified_gmt":"2024-12-10T17:59:02","slug":"105na-22012202","status":"publish","type":"post","link":"https:\/\/wgphoto.pl\/t\/?p=7237","title":{"rendered":"105Na 2201+2202"},"content":{"rendered":"\n<figure class=\"wp-block-image aligncenter size-full\"><img loading=\"lazy\" decoding=\"async\" width=\"1050\" height=\"700\" src=\"https:\/\/wgphoto.pl\/t\/wp-content\/uploads\/2024\/12\/0625-11.jpg\" alt=\"\" class=\"wp-image-7238\" srcset=\"https:\/\/wgphoto.pl\/t\/wp-content\/uploads\/2024\/12\/0625-11.jpg 1050w, https:\/\/wgphoto.pl\/t\/wp-content\/uploads\/2024\/12\/0625-11-300x200.jpg 300w, https:\/\/wgphoto.pl\/t\/wp-content\/uploads\/2024\/12\/0625-11-768x512.jpg 768w\" sizes=\"auto, (max-width: 1050px) 100vw, 1050px\" \/><\/figure>\n\n\n\n<div class=\"wp-block-group has-global-padding is-layout-constrained wp-block-group-is-layout-constrained\">\n<p>Wroc\u0142aw, rozkopany plac Powsta\u0144c\u00f3w Wielkopolskich w po\u0142owie swej okaza\u0142o\u015bci. Na zdj\u0119ciu widoczny jest tymczasowy tor umo\u017cliwiaj\u0105cy przejazd ulic\u0105 Trzebnick\u0105 z p\u00f3\u0142nocy na po\u0142udnie z pomini\u0119ciem placu. Przed remontem nie by\u0142o takiej mo\u017cliwo\u015bci (konieczne by\u0142o wykonanie rundy honorowej wok\u00f3\u0142 placu), natomiast po przebudowie j\u0105 pozostawiono. 2006-10-01<\/p>\n<\/div>\n","protected":false},"excerpt":{"rendered":"<p>Wroc\u0142aw, rozkopany plac Powsta\u0144c\u00f3w Wielkopolskich w po\u0142owie swej okaza\u0142o\u015bci. Na zdj\u0119ciu widoczny jest tymczasowy tor umo\u017cliwiaj\u0105cy przejazd ulic\u0105 Trzebnick\u0105 z p\u00f3\u0142nocy na po\u0142udnie z pomini\u0119ciem placu. Przed remontem nie by\u0142o takiej mo\u017cliwo\u015bci (konieczne by\u0142o wykonanie rundy honorowej wok\u00f3\u0142 placu), natomiast po przebudowie j\u0105 pozostawiono. 2006-10-01<\/p>\n","protected":false},"author":1,"featured_media":7238,"comment_status":"open","ping_status":"","sticky":false,"template":"","format":"standard","meta":{"footnotes":""},"categories":[62,130,3],"tags":[155,1518,34,745,42,27,41],"class_list":["post-7237","post","type-post","status-publish","format-standard","has-post-thumbnail","hentry","category-analog","category-rok-2006","category-tramwaj","tag-105na","tag-2006-10-01","tag-architektura","tag-budowa","tag-mpk-wroclaw","tag-polska","tag-wroclaw"],"_links":{"self":[{"href":"https:\/\/wgphoto.pl\/t\/index.php?rest_route=\/wp\/v2\/posts\/7237","targetHints":{"allow":["GET"]}}],"collection":[{"href":"https:\/\/wgphoto.pl\/t\/index.php?rest_route=\/wp\/v2\/posts"}],"about":[{"href":"https:\/\/wgphoto.pl\/t\/index.php?rest_route=\/wp\/v2\/types\/post"}],"author":[{"embeddable":true,"href":"https:\/\/wgphoto.pl\/t\/index.php?rest_route=\/wp\/v2\/users\/1"}],"replies":[{"embeddable":true,"href":"https:\/\/wgphoto.pl\/t\/index.php?rest_route=%2Fwp%2Fv2%2Fcomments&post=7237"}],"version-history":[{"count":1,"href":"https:\/\/wgphoto.pl\/t\/index.php?rest_route=\/wp\/v2\/posts\/7237\/revisions"}],"predecessor-version":[{"id":7239,"href":"https:\/\/wgphoto.pl\/t\/index.php?rest_route=\/wp\/v2\/posts\/7237\/revisions\/7239"}],"wp:featuredmedia":[{"embeddable":true,"href":"https:\/\/wgphoto.pl\/t\/index.php?rest_route=\/wp\/v2\/media\/7238"}],"wp:attachment":[{"href":"https:\/\/wgphoto.pl\/t\/index.php?rest_route=%2Fwp%2Fv2%2Fmedia&parent=7237"}],"wp:term":[{"taxonomy":"category","embeddable":true,"href":"https:\/\/wgphoto.pl\/t\/index.php?rest_route=%2Fwp%2Fv2%2Fcategories&post=7237"},{"taxonomy":"post_tag","embeddable":true,"href":"https:\/\/wgphoto.pl\/t\/index.php?rest_route=%2Fwp%2Fv2%2Ftags&post=7237"}],"curies":[{"name":"wp","href":"https:\/\/api.w.org\/{rel}","templated":true}]}}