{"id":7240,"date":"2024-12-10T19:22:43","date_gmt":"2024-12-10T18:22:43","guid":{"rendered":"https:\/\/wgphoto.pl\/t\/?p=7240"},"modified":"2024-12-10T19:22:43","modified_gmt":"2024-12-10T18:22:43","slug":"ulica-wroclawska","status":"publish","type":"post","link":"https:\/\/wgphoto.pl\/t\/?p=7240","title":{"rendered":"ulica Wroc\u0142awska"},"content":{"rendered":"\n<figure class=\"wp-block-image aligncenter size-full\"><img loading=\"lazy\" decoding=\"async\" width=\"1200\" height=\"795\" src=\"https:\/\/wgphoto.pl\/t\/wp-content\/uploads\/2024\/12\/IMGP1404.jpg\" alt=\"\" class=\"wp-image-7241\" srcset=\"https:\/\/wgphoto.pl\/t\/wp-content\/uploads\/2024\/12\/IMGP1404.jpg 1200w, https:\/\/wgphoto.pl\/t\/wp-content\/uploads\/2024\/12\/IMGP1404-300x199.jpg 300w, https:\/\/wgphoto.pl\/t\/wp-content\/uploads\/2024\/12\/IMGP1404-768x509.jpg 768w\" sizes=\"auto, (max-width: 1200px) 100vw, 1200px\" \/><\/figure>\n\n\n\n<div class=\"wp-block-group has-global-padding is-layout-constrained wp-block-group-is-layout-constrained\">\n<p>Lipsk, Breslauer Stra\u00dfe. Wysiad\u0142em tu, bo spodoba\u0142 mi si\u0119 plener, a gdy zobaczy\u0142em, \u017ce ta ulica nosi tak\u0105 nazw\u0119, spodoba\u0142o mi si\u0119 to jeszcze bardziej, poniewa\u017c okolica doskonale nawi\u0105zuje do znamienitych dzielnic Wroc\u0142awia, zlokalizowanych w p\u00f3\u0142nocnej cz\u0119\u015bci \u015ar\u00f3dmie\u015bcia. \ud83d\ude09 2017-05-03<\/p>\n<\/div>\n","protected":false},"excerpt":{"rendered":"<p>Lipsk, Breslauer Stra\u00dfe. Wysiad\u0142em tu, bo spodoba\u0142 mi si\u0119 plener, a gdy zobaczy\u0142em, \u017ce ta ulica nosi tak\u0105 nazw\u0119, spodoba\u0142o mi si\u0119 to jeszcze bardziej, poniewa\u017c okolica doskonale nawi\u0105zuje do znamienitych dzielnic Wroc\u0142awia, zlokalizowanych w p\u00f3\u0142nocnej cz\u0119\u015bci \u015ar\u00f3dmie\u015bcia. \ud83d\ude09 2017-05-03<\/p>\n","protected":false},"author":1,"featured_media":7241,"comment_status":"open","ping_status":"","sticky":false,"template":"","format":"standard","meta":{"footnotes":""},"categories":[368,3],"tags":[1181,34,1180,1179,787,23,143,135,176,1112],"class_list":["post-7240","post","type-post","status-publish","format-standard","has-post-thumbnail","hentry","category-rok-2017","category-tramwaj","tag-2017-05-03","tag-architektura","tag-lipsk","tag-lvb-leipzig","tag-majowka-2017-2","tag-niemcy","tag-ponad-30m","tag-potrojniak","tag-rano","tag-tatra-t4"],"_links":{"self":[{"href":"https:\/\/wgphoto.pl\/t\/index.php?rest_route=\/wp\/v2\/posts\/7240","targetHints":{"allow":["GET"]}}],"collection":[{"href":"https:\/\/wgphoto.pl\/t\/index.php?rest_route=\/wp\/v2\/posts"}],"about":[{"href":"https:\/\/wgphoto.pl\/t\/index.php?rest_route=\/wp\/v2\/types\/post"}],"author":[{"embeddable":true,"href":"https:\/\/wgphoto.pl\/t\/index.php?rest_route=\/wp\/v2\/users\/1"}],"replies":[{"embeddable":true,"href":"https:\/\/wgphoto.pl\/t\/index.php?rest_route=%2Fwp%2Fv2%2Fcomments&post=7240"}],"version-history":[{"count":1,"href":"https:\/\/wgphoto.pl\/t\/index.php?rest_route=\/wp\/v2\/posts\/7240\/revisions"}],"predecessor-version":[{"id":7242,"href":"https:\/\/wgphoto.pl\/t\/index.php?rest_route=\/wp\/v2\/posts\/7240\/revisions\/7242"}],"wp:featuredmedia":[{"embeddable":true,"href":"https:\/\/wgphoto.pl\/t\/index.php?rest_route=\/wp\/v2\/media\/7241"}],"wp:attachment":[{"href":"https:\/\/wgphoto.pl\/t\/index.php?rest_route=%2Fwp%2Fv2%2Fmedia&parent=7240"}],"wp:term":[{"taxonomy":"category","embeddable":true,"href":"https:\/\/wgphoto.pl\/t\/index.php?rest_route=%2Fwp%2Fv2%2Fcategories&post=7240"},{"taxonomy":"post_tag","embeddable":true,"href":"https:\/\/wgphoto.pl\/t\/index.php?rest_route=%2Fwp%2Fv2%2Ftags&post=7240"}],"curies":[{"name":"wp","href":"https:\/\/api.w.org\/{rel}","templated":true}]}}