{"id":7246,"date":"2024-12-10T19:47:56","date_gmt":"2024-12-10T18:47:56","guid":{"rendered":"https:\/\/wgphoto.pl\/t\/?p=7246"},"modified":"2024-12-10T19:47:56","modified_gmt":"2024-12-10T18:47:56","slug":"zdjecie-na-plakat","status":"publish","type":"post","link":"https:\/\/wgphoto.pl\/t\/?p=7246","title":{"rendered":"Zdj\u0119cie na plakat"},"content":{"rendered":"\n<figure class=\"wp-block-image aligncenter size-full\"><img loading=\"lazy\" decoding=\"async\" width=\"750\" height=\"1000\" src=\"https:\/\/wgphoto.pl\/t\/wp-content\/uploads\/2024\/12\/IMGP6882-1.jpg\" alt=\"\" class=\"wp-image-7248\" srcset=\"https:\/\/wgphoto.pl\/t\/wp-content\/uploads\/2024\/12\/IMGP6882-1.jpg 750w, https:\/\/wgphoto.pl\/t\/wp-content\/uploads\/2024\/12\/IMGP6882-1-225x300.jpg 225w\" sizes=\"auto, (max-width: 750px) 100vw, 750px\" \/><\/figure>\n\n\n\n<div class=\"wp-block-group has-global-padding is-layout-constrained wp-block-group-is-layout-constrained\">\n<p>W odst\u0119pie nieca\u0142ej godziny jecha\u0142y dwa poci\u0105gi w kierunku Olsztyna, a \u017ce jestem leniwy, to oba sfotografowa\u0142em z piaskowej g\u00f3ry. To jest drugie uj\u0119cie pierwszego z nich (18105 &#8222;Rybak&#8221; z Bia\u0142egostoku do Szczecina z SU45-023) i a\u017c si\u0119 prosi o wykorzystanie na plakacie lub ok\u0142adce jakiego\u015b czasopisma. Tylko obecnie raczej \u017caden przewo\u017anik nie chcia\u0142by si\u0119 chwali\u0107 takim poci\u0105giem w swoich materia\u0142ach reklamowych. \ud83d\ude09 2009-07-13<\/p>\n<\/div>\n","protected":false},"excerpt":{"rendered":"<p>W odst\u0119pie nieca\u0142ej godziny jecha\u0142y dwa poci\u0105gi w kierunku Olsztyna, a \u017ce jestem leniwy, to oba sfotografowa\u0142em z piaskowej g\u00f3ry. To jest drugie uj\u0119cie pierwszego z nich (18105 &#8222;Rybak&#8221; z Bia\u0142egostoku do Szczecina z SU45-023) i a\u017c si\u0119 prosi o wykorzystanie na plakacie lub ok\u0142adce jakiego\u015b czasopisma. Tylko obecnie raczej \u017caden przewo\u017anik nie chcia\u0142by si\u0119 [&hellip;]<\/p>\n","protected":false},"author":1,"featured_media":7248,"comment_status":"open","ping_status":"","sticky":false,"template":"","format":"standard","meta":{"footnotes":""},"categories":[2,128,169],"tags":[541,113,63,27,1751,290,322],"class_list":["post-7246","post","type-post","status-publish","format-standard","has-post-thumbnail","hentry","category-kolej","category-pionowe","category-rok-2009","tag-2009-07-13","tag-landszaft","tag-pkp","tag-polska","tag-stare-juchy","tag-su45","tag-tab-pl510"],"_links":{"self":[{"href":"https:\/\/wgphoto.pl\/t\/index.php?rest_route=\/wp\/v2\/posts\/7246","targetHints":{"allow":["GET"]}}],"collection":[{"href":"https:\/\/wgphoto.pl\/t\/index.php?rest_route=\/wp\/v2\/posts"}],"about":[{"href":"https:\/\/wgphoto.pl\/t\/index.php?rest_route=\/wp\/v2\/types\/post"}],"author":[{"embeddable":true,"href":"https:\/\/wgphoto.pl\/t\/index.php?rest_route=\/wp\/v2\/users\/1"}],"replies":[{"embeddable":true,"href":"https:\/\/wgphoto.pl\/t\/index.php?rest_route=%2Fwp%2Fv2%2Fcomments&post=7246"}],"version-history":[{"count":1,"href":"https:\/\/wgphoto.pl\/t\/index.php?rest_route=\/wp\/v2\/posts\/7246\/revisions"}],"predecessor-version":[{"id":7249,"href":"https:\/\/wgphoto.pl\/t\/index.php?rest_route=\/wp\/v2\/posts\/7246\/revisions\/7249"}],"wp:featuredmedia":[{"embeddable":true,"href":"https:\/\/wgphoto.pl\/t\/index.php?rest_route=\/wp\/v2\/media\/7248"}],"wp:attachment":[{"href":"https:\/\/wgphoto.pl\/t\/index.php?rest_route=%2Fwp%2Fv2%2Fmedia&parent=7246"}],"wp:term":[{"taxonomy":"category","embeddable":true,"href":"https:\/\/wgphoto.pl\/t\/index.php?rest_route=%2Fwp%2Fv2%2Fcategories&post=7246"},{"taxonomy":"post_tag","embeddable":true,"href":"https:\/\/wgphoto.pl\/t\/index.php?rest_route=%2Fwp%2Fv2%2Ftags&post=7246"}],"curies":[{"name":"wp","href":"https:\/\/api.w.org\/{rel}","templated":true}]}}