{"id":7259,"date":"2024-12-10T19:53:29","date_gmt":"2024-12-10T18:53:29","guid":{"rendered":"https:\/\/wgphoto.pl\/t\/?p=7259"},"modified":"2024-12-10T19:53:29","modified_gmt":"2024-12-10T18:53:29","slug":"tramwaj-na-plaze","status":"publish","type":"post","link":"https:\/\/wgphoto.pl\/t\/?p=7259","title":{"rendered":"Tramwaj na pla\u017c\u0119"},"content":{"rendered":"\n<figure class=\"wp-block-image aligncenter size-full\"><img loading=\"lazy\" decoding=\"async\" width=\"1200\" height=\"795\" src=\"https:\/\/wgphoto.pl\/t\/wp-content\/uploads\/2024\/12\/IMGP0693.jpg\" alt=\"\" class=\"wp-image-7260\" srcset=\"https:\/\/wgphoto.pl\/t\/wp-content\/uploads\/2024\/12\/IMGP0693.jpg 1200w, https:\/\/wgphoto.pl\/t\/wp-content\/uploads\/2024\/12\/IMGP0693-300x199.jpg 300w, https:\/\/wgphoto.pl\/t\/wp-content\/uploads\/2024\/12\/IMGP0693-768x509.jpg 768w\" sizes=\"auto, (max-width: 1200px) 100vw, 1200px\" \/><\/figure>\n\n\n\n<div class=\"wp-block-group has-global-padding is-layout-constrained wp-block-group-is-layout-constrained\">\n<p>Wagon 6333, kursuj\u0105cy na co dzie\u0144 po Gandawie, w sezonie letnim je\u017adzi wybrze\u017cem Morza P\u00f3\u0142nocnego na linii Kusttram. Takie kombinacje taborowe mo\u017cliwe s\u0105 dzi\u0119ki obs\u0142udze chyba ca\u0142o\u015bci komunikacji autobusowej oraz z pewno\u015bci\u0105 ca\u0142o\u015bci tramwajowej we Flandrii (z wy\u0142\u0105czeniem Brukseli) przez jednego operatora &#8211; De Lijn. 2018-08-16<\/p>\n<\/div>\n","protected":false},"excerpt":{"rendered":"<p>Wagon 6333, kursuj\u0105cy na co dzie\u0144 po Gandawie, w sezonie letnim je\u017adzi wybrze\u017cem Morza P\u00f3\u0142nocnego na linii Kusttram. Takie kombinacje taborowe mo\u017cliwe s\u0105 dzi\u0119ki obs\u0142udze chyba ca\u0142o\u015bci komunikacji autobusowej oraz z pewno\u015bci\u0105 ca\u0142o\u015bci tramwajowej we Flandrii (z wy\u0142\u0105czeniem Brukseli) przez jednego operatora &#8211; De Lijn. 2018-08-16<\/p>\n","protected":false},"author":1,"featured_media":7260,"comment_status":"open","ping_status":"","sticky":false,"template":"","format":"standard","meta":{"footnotes":""},"categories":[156,3],"tags":[1897,695,696,1415,1896,2542,853],"class_list":["post-7259","post","type-post","status-publish","format-standard","has-post-thumbnail","hentry","category-rok-2018","category-tramwaj","tag-2018-08-16","tag-belgia","tag-belgia-2018","tag-de-lijn","tag-kusttram","tag-ostenda","tag-sachsen-tram"],"_links":{"self":[{"href":"https:\/\/wgphoto.pl\/t\/index.php?rest_route=\/wp\/v2\/posts\/7259","targetHints":{"allow":["GET"]}}],"collection":[{"href":"https:\/\/wgphoto.pl\/t\/index.php?rest_route=\/wp\/v2\/posts"}],"about":[{"href":"https:\/\/wgphoto.pl\/t\/index.php?rest_route=\/wp\/v2\/types\/post"}],"author":[{"embeddable":true,"href":"https:\/\/wgphoto.pl\/t\/index.php?rest_route=\/wp\/v2\/users\/1"}],"replies":[{"embeddable":true,"href":"https:\/\/wgphoto.pl\/t\/index.php?rest_route=%2Fwp%2Fv2%2Fcomments&post=7259"}],"version-history":[{"count":1,"href":"https:\/\/wgphoto.pl\/t\/index.php?rest_route=\/wp\/v2\/posts\/7259\/revisions"}],"predecessor-version":[{"id":7261,"href":"https:\/\/wgphoto.pl\/t\/index.php?rest_route=\/wp\/v2\/posts\/7259\/revisions\/7261"}],"wp:featuredmedia":[{"embeddable":true,"href":"https:\/\/wgphoto.pl\/t\/index.php?rest_route=\/wp\/v2\/media\/7260"}],"wp:attachment":[{"href":"https:\/\/wgphoto.pl\/t\/index.php?rest_route=%2Fwp%2Fv2%2Fmedia&parent=7259"}],"wp:term":[{"taxonomy":"category","embeddable":true,"href":"https:\/\/wgphoto.pl\/t\/index.php?rest_route=%2Fwp%2Fv2%2Fcategories&post=7259"},{"taxonomy":"post_tag","embeddable":true,"href":"https:\/\/wgphoto.pl\/t\/index.php?rest_route=%2Fwp%2Fv2%2Ftags&post=7259"}],"curies":[{"name":"wp","href":"https:\/\/api.w.org\/{rel}","templated":true}]}}