{"id":7271,"date":"2024-12-10T20:02:28","date_gmt":"2024-12-10T19:02:28","guid":{"rendered":"https:\/\/wgphoto.pl\/t\/?p=7271"},"modified":"2024-12-10T20:02:28","modified_gmt":"2024-12-10T19:02:28","slug":"a-ten-pociag-zatrzyma-sie-tutaj","status":"publish","type":"post","link":"https:\/\/wgphoto.pl\/t\/?p=7271","title":{"rendered":"A ten poci\u0105g zatrzyma si\u0119 tutaj"},"content":{"rendered":"\n<figure class=\"wp-block-image aligncenter size-full\"><img loading=\"lazy\" decoding=\"async\" width=\"1200\" height=\"803\" src=\"https:\/\/wgphoto.pl\/t\/wp-content\/uploads\/2024\/12\/IMGP5669.jpg\" alt=\"\" class=\"wp-image-7272\" srcset=\"https:\/\/wgphoto.pl\/t\/wp-content\/uploads\/2024\/12\/IMGP5669.jpg 1200w, https:\/\/wgphoto.pl\/t\/wp-content\/uploads\/2024\/12\/IMGP5669-300x201.jpg 300w, https:\/\/wgphoto.pl\/t\/wp-content\/uploads\/2024\/12\/IMGP5669-768x514.jpg 768w\" sizes=\"auto, (max-width: 1200px) 100vw, 1200px\" \/><\/figure>\n\n\n\n<div class=\"wp-block-group has-global-padding is-layout-constrained wp-block-group-is-layout-constrained\">\n<p>\u2026zadecydowa\u0142 pomalowany srebrn\u0105 farb\u0105 towarzysz W\u0142adimir Iljicz i tak te\u017c si\u0119 sta\u0142o. Nocny poci\u0105g z Odessy do Lwowa (nie jestem pewien relacji poci\u0105gu, w ka\u017cdym razie na takiej trasie nim jecha\u0142em) podczas postoju na stacji w \u017bmerynce. 2010-08-06<\/p>\n<\/div>\n","protected":false},"excerpt":{"rendered":"<p>\u2026zadecydowa\u0142 pomalowany srebrn\u0105 farb\u0105 towarzysz W\u0142adimir Iljicz i tak te\u017c si\u0119 sta\u0142o. Nocny poci\u0105g z Odessy do Lwowa (nie jestem pewien relacji poci\u0105gu, w ka\u017cdym razie na takiej trasie nim jecha\u0142em) podczas postoju na stacji w \u017bmerynce. 2010-08-06<\/p>\n","protected":false},"author":1,"featured_media":7272,"comment_status":"open","ping_status":"","sticky":false,"template":"","format":"standard","meta":{"footnotes":""},"categories":[2,86],"tags":[1632,154,24,453,2514,2512],"class_list":["post-7271","post","type-post","status-publish","format-standard","has-post-thumbnail","hentry","category-kolej","category-rok-2010","tag-2010-08-06","tag-noc","tag-perony","tag-ukraina","tag-uz","tag-zmerynka"],"_links":{"self":[{"href":"https:\/\/wgphoto.pl\/t\/index.php?rest_route=\/wp\/v2\/posts\/7271","targetHints":{"allow":["GET"]}}],"collection":[{"href":"https:\/\/wgphoto.pl\/t\/index.php?rest_route=\/wp\/v2\/posts"}],"about":[{"href":"https:\/\/wgphoto.pl\/t\/index.php?rest_route=\/wp\/v2\/types\/post"}],"author":[{"embeddable":true,"href":"https:\/\/wgphoto.pl\/t\/index.php?rest_route=\/wp\/v2\/users\/1"}],"replies":[{"embeddable":true,"href":"https:\/\/wgphoto.pl\/t\/index.php?rest_route=%2Fwp%2Fv2%2Fcomments&post=7271"}],"version-history":[{"count":1,"href":"https:\/\/wgphoto.pl\/t\/index.php?rest_route=\/wp\/v2\/posts\/7271\/revisions"}],"predecessor-version":[{"id":7273,"href":"https:\/\/wgphoto.pl\/t\/index.php?rest_route=\/wp\/v2\/posts\/7271\/revisions\/7273"}],"wp:featuredmedia":[{"embeddable":true,"href":"https:\/\/wgphoto.pl\/t\/index.php?rest_route=\/wp\/v2\/media\/7272"}],"wp:attachment":[{"href":"https:\/\/wgphoto.pl\/t\/index.php?rest_route=%2Fwp%2Fv2%2Fmedia&parent=7271"}],"wp:term":[{"taxonomy":"category","embeddable":true,"href":"https:\/\/wgphoto.pl\/t\/index.php?rest_route=%2Fwp%2Fv2%2Fcategories&post=7271"},{"taxonomy":"post_tag","embeddable":true,"href":"https:\/\/wgphoto.pl\/t\/index.php?rest_route=%2Fwp%2Fv2%2Ftags&post=7271"}],"curies":[{"name":"wp","href":"https:\/\/api.w.org\/{rel}","templated":true}]}}