{"id":7289,"date":"2024-12-10T20:16:33","date_gmt":"2024-12-10T19:16:33","guid":{"rendered":"https:\/\/wgphoto.pl\/t\/?p=7289"},"modified":"2024-12-10T20:16:33","modified_gmt":"2024-12-10T19:16:33","slug":"lustereczko-powiedz-przecie-kto-najbrzydszy-jest-na-swiecie","status":"publish","type":"post","link":"https:\/\/wgphoto.pl\/t\/?p=7289","title":{"rendered":"Lustereczko powiedz przecie, kto najbrzydszy jest na \u015bwiecie"},"content":{"rendered":"\n<figure class=\"wp-block-image aligncenter size-full\"><img loading=\"lazy\" decoding=\"async\" width=\"1200\" height=\"795\" src=\"https:\/\/wgphoto.pl\/t\/wp-content\/uploads\/2024\/12\/IMGP2201.jpg\" alt=\"\" class=\"wp-image-7290\" srcset=\"https:\/\/wgphoto.pl\/t\/wp-content\/uploads\/2024\/12\/IMGP2201.jpg 1200w, https:\/\/wgphoto.pl\/t\/wp-content\/uploads\/2024\/12\/IMGP2201-300x199.jpg 300w, https:\/\/wgphoto.pl\/t\/wp-content\/uploads\/2024\/12\/IMGP2201-768x509.jpg 768w\" sizes=\"auto, (max-width: 1200px) 100vw, 1200px\" \/><\/figure>\n\n\n\n<div class=\"wp-block-group has-global-padding is-layout-constrained wp-block-group-is-layout-constrained\">\n<p>GT6 przegl\u0105da si\u0119 w wodach rzeki Bega. Tytu\u0142 nawi\u0105zuje do poprzedniego kadru.<br>To uczucie kiedy idziesz sobie z dworca do centrum, stawiasz pierwsze kroki w nowym mie\u015bcie i znajdujesz takie uj\u0119cia. \ud83d\ude09 19.08.2015<\/p>\n<\/div>\n","protected":false},"excerpt":{"rendered":"<p>GT6 przegl\u0105da si\u0119 w wodach rzeki Bega. Tytu\u0142 nawi\u0105zuje do poprzedniego kadru.To uczucie kiedy idziesz sobie z dworca do centrum, stawiasz pierwsze kroki w nowym mie\u015bcie i znajdujesz takie uj\u0119cia. \ud83d\ude09 19.08.2015<\/p>\n","protected":false},"author":1,"featured_media":7290,"comment_status":"open","ping_status":"","sticky":false,"template":"","format":"standard","meta":{"footnotes":""},"categories":[104,3],"tags":[1173,101,395,45,2546,574,73,1176,107],"class_list":["post-7289","post","type-post","status-publish","format-standard","has-post-thumbnail","hentry","category-rok-2015","category-tramwaj","tag-2015-08-19","tag-gt6","tag-lustro","tag-most","tag-ratt-timisoara-2","tag-rumunia","tag-rzeka","tag-timisoara","tag-wakacje-2015"],"_links":{"self":[{"href":"https:\/\/wgphoto.pl\/t\/index.php?rest_route=\/wp\/v2\/posts\/7289","targetHints":{"allow":["GET"]}}],"collection":[{"href":"https:\/\/wgphoto.pl\/t\/index.php?rest_route=\/wp\/v2\/posts"}],"about":[{"href":"https:\/\/wgphoto.pl\/t\/index.php?rest_route=\/wp\/v2\/types\/post"}],"author":[{"embeddable":true,"href":"https:\/\/wgphoto.pl\/t\/index.php?rest_route=\/wp\/v2\/users\/1"}],"replies":[{"embeddable":true,"href":"https:\/\/wgphoto.pl\/t\/index.php?rest_route=%2Fwp%2Fv2%2Fcomments&post=7289"}],"version-history":[{"count":1,"href":"https:\/\/wgphoto.pl\/t\/index.php?rest_route=\/wp\/v2\/posts\/7289\/revisions"}],"predecessor-version":[{"id":7291,"href":"https:\/\/wgphoto.pl\/t\/index.php?rest_route=\/wp\/v2\/posts\/7289\/revisions\/7291"}],"wp:featuredmedia":[{"embeddable":true,"href":"https:\/\/wgphoto.pl\/t\/index.php?rest_route=\/wp\/v2\/media\/7290"}],"wp:attachment":[{"href":"https:\/\/wgphoto.pl\/t\/index.php?rest_route=%2Fwp%2Fv2%2Fmedia&parent=7289"}],"wp:term":[{"taxonomy":"category","embeddable":true,"href":"https:\/\/wgphoto.pl\/t\/index.php?rest_route=%2Fwp%2Fv2%2Fcategories&post=7289"},{"taxonomy":"post_tag","embeddable":true,"href":"https:\/\/wgphoto.pl\/t\/index.php?rest_route=%2Fwp%2Fv2%2Ftags&post=7289"}],"curies":[{"name":"wp","href":"https:\/\/api.w.org\/{rel}","templated":true}]}}