{"id":7295,"date":"2024-12-10T20:20:12","date_gmt":"2024-12-10T19:20:12","guid":{"rendered":"https:\/\/wgphoto.pl\/t\/?p=7295"},"modified":"2024-12-10T20:20:12","modified_gmt":"2024-12-10T19:20:12","slug":"fotele-nie-pierwszej-swiezosci","status":"publish","type":"post","link":"https:\/\/wgphoto.pl\/t\/?p=7295","title":{"rendered":"Fotele nie pierwszej \u015bwie\u017co\u015bci"},"content":{"rendered":"\n<figure class=\"wp-block-image aligncenter size-full\"><img loading=\"lazy\" decoding=\"async\" width=\"1200\" height=\"795\" src=\"https:\/\/wgphoto.pl\/t\/wp-content\/uploads\/2024\/12\/IMGP5132.jpg\" alt=\"\" class=\"wp-image-7296\" srcset=\"https:\/\/wgphoto.pl\/t\/wp-content\/uploads\/2024\/12\/IMGP5132.jpg 1200w, https:\/\/wgphoto.pl\/t\/wp-content\/uploads\/2024\/12\/IMGP5132-300x199.jpg 300w, https:\/\/wgphoto.pl\/t\/wp-content\/uploads\/2024\/12\/IMGP5132-768x509.jpg 768w\" sizes=\"auto, (max-width: 1200px) 100vw, 1200px\" \/><\/figure>\n\n\n\n<div class=\"wp-block-group has-global-padding is-layout-constrained wp-block-group-is-layout-constrained\">\n<p>Wn\u0119trze doczepy ex-Halle po sze\u015bciu latach eksploatacji w Sofii. Mo\u017cna tu zawiesi\u0107 oko na miejscowych kasownikach: elektronicznym do bilet\u00f3w okresowych nagranych na kart\u0119 z czipem oraz na klasycznym dziurkaczu do bilet\u00f3w jednorazowych.<br>W zwi\u0105zku z niecz\u0119st\u0105 okazj\u0105 do jazdy Tatr\u0105 z doczep\u0105 biern\u0105 (w Niemczech nie zd\u0105\u017cy\u0142em si\u0119 za\u0142apa\u0107, obecnie pozostaj\u0105 wi\u0119c u\u017cywa\u0144ce w Rumunii i Bu\u0142garii), zawsze wybieram jazd\u0119 w ostatnim wagonie, wiedziony ciekawo\u015bci\u0105 dzia\u0142ania hamulca w wagonie bez hamowania elektrodynamicznego. W tym sk\u0142adzie dzia\u0142a\u0142 on bardzo sprawnie, nie powoduj\u0105c szarpania na hamowaniu. 2017-11-11<\/p>\n<\/div>\n","protected":false},"excerpt":{"rendered":"<p>Wn\u0119trze doczepy ex-Halle po sze\u015bciu latach eksploatacji w Sofii. Mo\u017cna tu zawiesi\u0107 oko na miejscowych kasownikach: elektronicznym do bilet\u00f3w okresowych nagranych na kart\u0119 z czipem oraz na klasycznym dziurkaczu do bilet\u00f3w jednorazowych.W zwi\u0105zku z niecz\u0119st\u0105 okazj\u0105 do jazdy Tatr\u0105 z doczep\u0105 biern\u0105 (w Niemczech nie zd\u0105\u017cy\u0142em si\u0119 za\u0142apa\u0107, obecnie pozostaj\u0105 wi\u0119c u\u017cywa\u0144ce w Rumunii i [&hellip;]<\/p>\n","protected":false},"author":1,"featured_media":7296,"comment_status":"open","ping_status":"","sticky":false,"template":"","format":"standard","meta":{"footnotes":""},"categories":[220,368,3],"tags":[2547,838,842,2548,1112,839,454,840],"class_list":["post-7295","post","type-post","status-publish","format-standard","has-post-thumbnail","hentry","category-blo","category-rok-2017","category-tramwaj","tag-2017-11-11","tag-bulgaria","tag-sofia","tag-tatra-b4","tag-tatra-t4","tag-wakacje-2017","tag-wnetrza-pojazdow","tag-840"],"_links":{"self":[{"href":"https:\/\/wgphoto.pl\/t\/index.php?rest_route=\/wp\/v2\/posts\/7295","targetHints":{"allow":["GET"]}}],"collection":[{"href":"https:\/\/wgphoto.pl\/t\/index.php?rest_route=\/wp\/v2\/posts"}],"about":[{"href":"https:\/\/wgphoto.pl\/t\/index.php?rest_route=\/wp\/v2\/types\/post"}],"author":[{"embeddable":true,"href":"https:\/\/wgphoto.pl\/t\/index.php?rest_route=\/wp\/v2\/users\/1"}],"replies":[{"embeddable":true,"href":"https:\/\/wgphoto.pl\/t\/index.php?rest_route=%2Fwp%2Fv2%2Fcomments&post=7295"}],"version-history":[{"count":1,"href":"https:\/\/wgphoto.pl\/t\/index.php?rest_route=\/wp\/v2\/posts\/7295\/revisions"}],"predecessor-version":[{"id":7297,"href":"https:\/\/wgphoto.pl\/t\/index.php?rest_route=\/wp\/v2\/posts\/7295\/revisions\/7297"}],"wp:featuredmedia":[{"embeddable":true,"href":"https:\/\/wgphoto.pl\/t\/index.php?rest_route=\/wp\/v2\/media\/7296"}],"wp:attachment":[{"href":"https:\/\/wgphoto.pl\/t\/index.php?rest_route=%2Fwp%2Fv2%2Fmedia&parent=7295"}],"wp:term":[{"taxonomy":"category","embeddable":true,"href":"https:\/\/wgphoto.pl\/t\/index.php?rest_route=%2Fwp%2Fv2%2Fcategories&post=7295"},{"taxonomy":"post_tag","embeddable":true,"href":"https:\/\/wgphoto.pl\/t\/index.php?rest_route=%2Fwp%2Fv2%2Ftags&post=7295"}],"curies":[{"name":"wp","href":"https:\/\/api.w.org\/{rel}","templated":true}]}}