{"id":730,"date":"2024-09-30T20:07:20","date_gmt":"2024-09-30T18:07:20","guid":{"rendered":"https:\/\/wgphoto.pl\/t\/?p=730"},"modified":"2024-09-30T20:07:20","modified_gmt":"2024-09-30T18:07:20","slug":"et41-187","status":"publish","type":"post","link":"https:\/\/wgphoto.pl\/t\/?p=730","title":{"rendered":"ET41-187"},"content":{"rendered":"\n<figure class=\"wp-block-image aligncenter size-full\"><img loading=\"lazy\" decoding=\"async\" width=\"1200\" height=\"800\" src=\"https:\/\/wgphoto.pl\/t\/wp-content\/uploads\/2024\/09\/0810-31.jpg\" alt=\"\" class=\"wp-image-731\" srcset=\"https:\/\/wgphoto.pl\/t\/wp-content\/uploads\/2024\/09\/0810-31.jpg 1200w, https:\/\/wgphoto.pl\/t\/wp-content\/uploads\/2024\/09\/0810-31-300x200.jpg 300w, https:\/\/wgphoto.pl\/t\/wp-content\/uploads\/2024\/09\/0810-31-768x512.jpg 768w\" sizes=\"auto, (max-width: 1200px) 100vw, 1200px\" \/><\/figure>\n\n\n\n<div class=\"wp-block-group has-global-padding is-layout-constrained wp-block-group-is-layout-constrained\">\n<p>Poci\u0105g EC 31000 &#8222;J\u00f3zef Bem&#8221; z Budapesztu do Warszawy mija M\u0142od\u00f3w. 15.08.2008<\/p>\n<\/div>\n","protected":false},"excerpt":{"rendered":"<p>Poci\u0105g EC 31000 &#8222;J\u00f3zef Bem&#8221; z Budapesztu do Warszawy mija M\u0142od\u00f3w. 15.08.2008<\/p>\n","protected":false},"author":1,"featured_media":731,"comment_status":"open","ping_status":"","sticky":false,"template":"","format":"standard","meta":{"footnotes":""},"categories":[62,2,120],"tags":[262,259,114,113,260,63,27,261],"class_list":["post-730","post","type-post","status-publish","format-standard","has-post-thumbnail","hentry","category-analog","category-kolej","category-rok-2008","tag-2008-08-15","tag-et41","tag-gory","tag-landszaft","tag-mlodow","tag-pkp","tag-polska","tag-tab-pl130"],"_links":{"self":[{"href":"https:\/\/wgphoto.pl\/t\/index.php?rest_route=\/wp\/v2\/posts\/730","targetHints":{"allow":["GET"]}}],"collection":[{"href":"https:\/\/wgphoto.pl\/t\/index.php?rest_route=\/wp\/v2\/posts"}],"about":[{"href":"https:\/\/wgphoto.pl\/t\/index.php?rest_route=\/wp\/v2\/types\/post"}],"author":[{"embeddable":true,"href":"https:\/\/wgphoto.pl\/t\/index.php?rest_route=\/wp\/v2\/users\/1"}],"replies":[{"embeddable":true,"href":"https:\/\/wgphoto.pl\/t\/index.php?rest_route=%2Fwp%2Fv2%2Fcomments&post=730"}],"version-history":[{"count":1,"href":"https:\/\/wgphoto.pl\/t\/index.php?rest_route=\/wp\/v2\/posts\/730\/revisions"}],"predecessor-version":[{"id":732,"href":"https:\/\/wgphoto.pl\/t\/index.php?rest_route=\/wp\/v2\/posts\/730\/revisions\/732"}],"wp:featuredmedia":[{"embeddable":true,"href":"https:\/\/wgphoto.pl\/t\/index.php?rest_route=\/wp\/v2\/media\/731"}],"wp:attachment":[{"href":"https:\/\/wgphoto.pl\/t\/index.php?rest_route=%2Fwp%2Fv2%2Fmedia&parent=730"}],"wp:term":[{"taxonomy":"category","embeddable":true,"href":"https:\/\/wgphoto.pl\/t\/index.php?rest_route=%2Fwp%2Fv2%2Fcategories&post=730"},{"taxonomy":"post_tag","embeddable":true,"href":"https:\/\/wgphoto.pl\/t\/index.php?rest_route=%2Fwp%2Fv2%2Ftags&post=730"}],"curies":[{"name":"wp","href":"https:\/\/api.w.org\/{rel}","templated":true}]}}