{"id":7308,"date":"2024-12-10T20:26:25","date_gmt":"2024-12-10T19:26:25","guid":{"rendered":"https:\/\/wgphoto.pl\/t\/?p=7308"},"modified":"2024-12-10T20:26:25","modified_gmt":"2024-12-10T19:26:25","slug":"czarne-zloto","status":"publish","type":"post","link":"https:\/\/wgphoto.pl\/t\/?p=7308","title":{"rendered":"Czarne z\u0142oto"},"content":{"rendered":"\n<figure class=\"wp-block-image aligncenter size-full\"><img loading=\"lazy\" decoding=\"async\" width=\"1050\" height=\"787\" src=\"https:\/\/wgphoto.pl\/t\/wp-content\/uploads\/2024\/12\/dscf6287.jpg\" alt=\"\" class=\"wp-image-7309\" srcset=\"https:\/\/wgphoto.pl\/t\/wp-content\/uploads\/2024\/12\/dscf6287.jpg 1050w, https:\/\/wgphoto.pl\/t\/wp-content\/uploads\/2024\/12\/dscf6287-300x225.jpg 300w, https:\/\/wgphoto.pl\/t\/wp-content\/uploads\/2024\/12\/dscf6287-768x576.jpg 768w\" sizes=\"auto, (max-width: 1050px) 100vw, 1050px\" \/><\/figure>\n\n\n\n<div class=\"wp-block-group has-global-padding is-layout-constrained wp-block-group-is-layout-constrained\">\n<p>Standardowe uj\u0119cie z KWK Anna w Pszowie ze standardow\u0105 obs\u0142ug\u0105 trakcyjn\u0105 w postaci ST44-1012. 2008-03-08<\/p>\n<\/div>\n","protected":false},"excerpt":{"rendered":"<p>Standardowe uj\u0119cie z KWK Anna w Pszowie ze standardow\u0105 obs\u0142ug\u0105 trakcyjn\u0105 w postaci ST44-1012. 2008-03-08<\/p>\n","protected":false},"author":1,"featured_media":7309,"comment_status":"open","ping_status":"","sticky":false,"template":"","format":"standard","meta":{"footnotes":""},"categories":[2,120],"tags":[1426,303,2549,63,27,2550,530],"class_list":["post-7308","post","type-post","status-publish","format-standard","has-post-thumbnail","hentry","category-kolej","category-rok-2008","tag-2008-03-08","tag-industrial","tag-kwk-anna","tag-pkp","tag-polska","tag-pszow","tag-st44"],"_links":{"self":[{"href":"https:\/\/wgphoto.pl\/t\/index.php?rest_route=\/wp\/v2\/posts\/7308","targetHints":{"allow":["GET"]}}],"collection":[{"href":"https:\/\/wgphoto.pl\/t\/index.php?rest_route=\/wp\/v2\/posts"}],"about":[{"href":"https:\/\/wgphoto.pl\/t\/index.php?rest_route=\/wp\/v2\/types\/post"}],"author":[{"embeddable":true,"href":"https:\/\/wgphoto.pl\/t\/index.php?rest_route=\/wp\/v2\/users\/1"}],"replies":[{"embeddable":true,"href":"https:\/\/wgphoto.pl\/t\/index.php?rest_route=%2Fwp%2Fv2%2Fcomments&post=7308"}],"version-history":[{"count":1,"href":"https:\/\/wgphoto.pl\/t\/index.php?rest_route=\/wp\/v2\/posts\/7308\/revisions"}],"predecessor-version":[{"id":7310,"href":"https:\/\/wgphoto.pl\/t\/index.php?rest_route=\/wp\/v2\/posts\/7308\/revisions\/7310"}],"wp:featuredmedia":[{"embeddable":true,"href":"https:\/\/wgphoto.pl\/t\/index.php?rest_route=\/wp\/v2\/media\/7309"}],"wp:attachment":[{"href":"https:\/\/wgphoto.pl\/t\/index.php?rest_route=%2Fwp%2Fv2%2Fmedia&parent=7308"}],"wp:term":[{"taxonomy":"category","embeddable":true,"href":"https:\/\/wgphoto.pl\/t\/index.php?rest_route=%2Fwp%2Fv2%2Fcategories&post=7308"},{"taxonomy":"post_tag","embeddable":true,"href":"https:\/\/wgphoto.pl\/t\/index.php?rest_route=%2Fwp%2Fv2%2Ftags&post=7308"}],"curies":[{"name":"wp","href":"https:\/\/api.w.org\/{rel}","templated":true}]}}