{"id":7320,"date":"2024-12-10T20:47:38","date_gmt":"2024-12-10T19:47:38","guid":{"rendered":"https:\/\/wgphoto.pl\/t\/?p=7320"},"modified":"2024-12-10T20:47:38","modified_gmt":"2024-12-10T19:47:38","slug":"tabor-niskobudzetowy","status":"publish","type":"post","link":"https:\/\/wgphoto.pl\/t\/?p=7320","title":{"rendered":"Tabor niskobud\u017cetowy"},"content":{"rendered":"\n<figure class=\"wp-block-image aligncenter size-full\"><img loading=\"lazy\" decoding=\"async\" width=\"600\" height=\"906\" src=\"https:\/\/wgphoto.pl\/t\/wp-content\/uploads\/2024\/12\/IMGP2686.jpg\" alt=\"\" class=\"wp-image-7321\" srcset=\"https:\/\/wgphoto.pl\/t\/wp-content\/uploads\/2024\/12\/IMGP2686.jpg 600w, https:\/\/wgphoto.pl\/t\/wp-content\/uploads\/2024\/12\/IMGP2686-199x300.jpg 199w\" sizes=\"auto, (max-width: 600px) 100vw, 600px\" \/><\/figure>\n\n\n\n<div class=\"wp-block-group has-global-padding is-layout-constrained wp-block-group-is-layout-constrained\">\n<p>O\u0142omuniec, ul. Havl\u00ed\u010dkova. Sk\u0142ad niskowej\u015bciowych wagon\u00f3w serii Vario opuszcza centrum pozostawiaj\u0105c za sob\u0105 wie\u017ce starego miasta. 2017-08-15<\/p>\n<\/div>\n","protected":false},"excerpt":{"rendered":"<p>O\u0142omuniec, ul. Havl\u00ed\u010dkova. Sk\u0142ad niskowej\u015bciowych wagon\u00f3w serii Vario opuszcza centrum pozostawiaj\u0105c za sob\u0105 wie\u017ce starego miasta. 2017-08-15<\/p>\n","protected":false},"author":1,"featured_media":7321,"comment_status":"open","ping_status":"","sticky":false,"template":"","format":"standard","meta":{"footnotes":""},"categories":[128,368,3],"tags":[1298,34,49,1013,1012,1243],"class_list":["post-7320","post","type-post","status-publish","format-standard","has-post-thumbnail","hentry","category-pionowe","category-rok-2017","category-tramwaj","tag-2017-08-15","tag-architektura","tag-czechy","tag-dpmo-olomouc","tag-olomuniec","tag-vario-lf"],"_links":{"self":[{"href":"https:\/\/wgphoto.pl\/t\/index.php?rest_route=\/wp\/v2\/posts\/7320","targetHints":{"allow":["GET"]}}],"collection":[{"href":"https:\/\/wgphoto.pl\/t\/index.php?rest_route=\/wp\/v2\/posts"}],"about":[{"href":"https:\/\/wgphoto.pl\/t\/index.php?rest_route=\/wp\/v2\/types\/post"}],"author":[{"embeddable":true,"href":"https:\/\/wgphoto.pl\/t\/index.php?rest_route=\/wp\/v2\/users\/1"}],"replies":[{"embeddable":true,"href":"https:\/\/wgphoto.pl\/t\/index.php?rest_route=%2Fwp%2Fv2%2Fcomments&post=7320"}],"version-history":[{"count":1,"href":"https:\/\/wgphoto.pl\/t\/index.php?rest_route=\/wp\/v2\/posts\/7320\/revisions"}],"predecessor-version":[{"id":7322,"href":"https:\/\/wgphoto.pl\/t\/index.php?rest_route=\/wp\/v2\/posts\/7320\/revisions\/7322"}],"wp:featuredmedia":[{"embeddable":true,"href":"https:\/\/wgphoto.pl\/t\/index.php?rest_route=\/wp\/v2\/media\/7321"}],"wp:attachment":[{"href":"https:\/\/wgphoto.pl\/t\/index.php?rest_route=%2Fwp%2Fv2%2Fmedia&parent=7320"}],"wp:term":[{"taxonomy":"category","embeddable":true,"href":"https:\/\/wgphoto.pl\/t\/index.php?rest_route=%2Fwp%2Fv2%2Fcategories&post=7320"},{"taxonomy":"post_tag","embeddable":true,"href":"https:\/\/wgphoto.pl\/t\/index.php?rest_route=%2Fwp%2Fv2%2Ftags&post=7320"}],"curies":[{"name":"wp","href":"https:\/\/api.w.org\/{rel}","templated":true}]}}