{"id":7323,"date":"2024-12-10T20:48:37","date_gmt":"2024-12-10T19:48:37","guid":{"rendered":"https:\/\/wgphoto.pl\/t\/?p=7323"},"modified":"2024-12-10T20:48:37","modified_gmt":"2024-12-10T19:48:37","slug":"brama-teresy","status":"publish","type":"post","link":"https:\/\/wgphoto.pl\/t\/?p=7323","title":{"rendered":"Brama Teresy"},"content":{"rendered":"\n<figure class=\"wp-block-image aligncenter size-full\"><img loading=\"lazy\" decoding=\"async\" width=\"1200\" height=\"795\" src=\"https:\/\/wgphoto.pl\/t\/wp-content\/uploads\/2024\/12\/IMGP2635.jpg\" alt=\"\" class=\"wp-image-7324\" srcset=\"https:\/\/wgphoto.pl\/t\/wp-content\/uploads\/2024\/12\/IMGP2635.jpg 1200w, https:\/\/wgphoto.pl\/t\/wp-content\/uploads\/2024\/12\/IMGP2635-300x199.jpg 300w, https:\/\/wgphoto.pl\/t\/wp-content\/uploads\/2024\/12\/IMGP2635-768x509.jpg 768w\" sizes=\"auto, (max-width: 1200px) 100vw, 1200px\" \/><\/figure>\n\n\n\n<div class=\"wp-block-group has-global-padding is-layout-constrained wp-block-group-is-layout-constrained\">\n<p>Zestawy dwustronnych Vario spi\u0119tych ty\u0142kami (jedna kabina, drzwi z obu stron) stanowi\u0105 wy\u0142\u0105czn\u0105 obs\u0142ug\u0119 linii 3 i 5 zako\u0144czonych \u015blepo przy ul. Trnkovej, na nowej trasie oddanej do ruchu 4 lata temu. Jeden z takich sk\u0142ad\u00f3w mija Terezskou br\u00e1nu &#8211; jedn\u0105 z bram le\u017c\u0105cych w ci\u0105gu niegdysiejszych fortyfikacji miasta, nazwan\u0105 na cze\u015b\u0107 cesarzowej Marii Teresy podczas jej wizyty na tej morawskiej prowincji. 2017-08-15<\/p>\n<\/div>\n","protected":false},"excerpt":{"rendered":"<p>Zestawy dwustronnych Vario spi\u0119tych ty\u0142kami (jedna kabina, drzwi z obu stron) stanowi\u0105 wy\u0142\u0105czn\u0105 obs\u0142ug\u0119 linii 3 i 5 zako\u0144czonych \u015blepo przy ul. Trnkovej, na nowej trasie oddanej do ruchu 4 lata temu. Jeden z takich sk\u0142ad\u00f3w mija Terezskou br\u00e1nu &#8211; jedn\u0105 z bram le\u017c\u0105cych w ci\u0105gu niegdysiejszych fortyfikacji miasta, nazwan\u0105 na cze\u015b\u0107 cesarzowej Marii Teresy [&hellip;]<\/p>\n","protected":false},"author":1,"featured_media":7324,"comment_status":"open","ping_status":"","sticky":false,"template":"","format":"standard","meta":{"footnotes":""},"categories":[368,3],"tags":[1298,34,49,1013,1012,1243],"class_list":["post-7323","post","type-post","status-publish","format-standard","has-post-thumbnail","hentry","category-rok-2017","category-tramwaj","tag-2017-08-15","tag-architektura","tag-czechy","tag-dpmo-olomouc","tag-olomuniec","tag-vario-lf"],"_links":{"self":[{"href":"https:\/\/wgphoto.pl\/t\/index.php?rest_route=\/wp\/v2\/posts\/7323","targetHints":{"allow":["GET"]}}],"collection":[{"href":"https:\/\/wgphoto.pl\/t\/index.php?rest_route=\/wp\/v2\/posts"}],"about":[{"href":"https:\/\/wgphoto.pl\/t\/index.php?rest_route=\/wp\/v2\/types\/post"}],"author":[{"embeddable":true,"href":"https:\/\/wgphoto.pl\/t\/index.php?rest_route=\/wp\/v2\/users\/1"}],"replies":[{"embeddable":true,"href":"https:\/\/wgphoto.pl\/t\/index.php?rest_route=%2Fwp%2Fv2%2Fcomments&post=7323"}],"version-history":[{"count":1,"href":"https:\/\/wgphoto.pl\/t\/index.php?rest_route=\/wp\/v2\/posts\/7323\/revisions"}],"predecessor-version":[{"id":7325,"href":"https:\/\/wgphoto.pl\/t\/index.php?rest_route=\/wp\/v2\/posts\/7323\/revisions\/7325"}],"wp:featuredmedia":[{"embeddable":true,"href":"https:\/\/wgphoto.pl\/t\/index.php?rest_route=\/wp\/v2\/media\/7324"}],"wp:attachment":[{"href":"https:\/\/wgphoto.pl\/t\/index.php?rest_route=%2Fwp%2Fv2%2Fmedia&parent=7323"}],"wp:term":[{"taxonomy":"category","embeddable":true,"href":"https:\/\/wgphoto.pl\/t\/index.php?rest_route=%2Fwp%2Fv2%2Fcategories&post=7323"},{"taxonomy":"post_tag","embeddable":true,"href":"https:\/\/wgphoto.pl\/t\/index.php?rest_route=%2Fwp%2Fv2%2Ftags&post=7323"}],"curies":[{"name":"wp","href":"https:\/\/api.w.org\/{rel}","templated":true}]}}