{"id":7329,"date":"2024-12-10T20:50:47","date_gmt":"2024-12-10T19:50:47","guid":{"rendered":"https:\/\/wgphoto.pl\/t\/?p=7329"},"modified":"2024-12-10T20:50:47","modified_gmt":"2024-12-10T19:50:47","slug":"tramwaj-z-widokiem-na-morze","status":"publish","type":"post","link":"https:\/\/wgphoto.pl\/t\/?p=7329","title":{"rendered":"Tramwaj z widokiem na morze"},"content":{"rendered":"\n<figure class=\"wp-block-image aligncenter size-full\"><img loading=\"lazy\" decoding=\"async\" width=\"1200\" height=\"795\" src=\"https:\/\/wgphoto.pl\/t\/wp-content\/uploads\/2024\/12\/IMGP0317.jpg\" alt=\"\" class=\"wp-image-7330\" srcset=\"https:\/\/wgphoto.pl\/t\/wp-content\/uploads\/2024\/12\/IMGP0317.jpg 1200w, https:\/\/wgphoto.pl\/t\/wp-content\/uploads\/2024\/12\/IMGP0317-300x199.jpg 300w, https:\/\/wgphoto.pl\/t\/wp-content\/uploads\/2024\/12\/IMGP0317-768x509.jpg 768w\" sizes=\"auto, (max-width: 1200px) 100vw, 1200px\" \/><\/figure>\n\n\n\n<div class=\"wp-block-group has-global-padding is-layout-constrained wp-block-group-is-layout-constrained\">\n<p>Pierwotnie nie mia\u0142em zamiaru publikowa\u0107 tego zdj\u0119cia, bo kadr ma niedoskona\u0142y jako powsta\u0142e w po\u015bpiechu, ale ostatecznie stwierdzam jednak, \u017ce ma co\u015b w sobie, wi\u0119c zaryzykuj\u0119. \ud83d\ude09 Na horyzoncie wida\u0107 oczywi\u015bcie Morze \u015ar\u00f3dziemne. 03.11.2013<\/p>\n<\/div>\n","protected":false},"excerpt":{"rendered":"<p>Pierwotnie nie mia\u0142em zamiaru publikowa\u0107 tego zdj\u0119cia, bo kadr ma niedoskona\u0142y jako powsta\u0142e w po\u015bpiechu, ale ostatecznie stwierdzam jednak, \u017ce ma co\u015b w sobie, wi\u0119c zaryzykuj\u0119. \ud83d\ude09 Na horyzoncie wida\u0107 oczywi\u015bcie Morze \u015ar\u00f3dziemne. 03.11.2013<\/p>\n","protected":false},"author":1,"featured_media":7330,"comment_status":"open","ping_status":"","sticky":false,"template":"","format":"standard","meta":{"footnotes":""},"categories":[55,3],"tags":[1138,159,1139,116,1137,1113],"class_list":["post-7329","post","type-post","status-publish","format-standard","has-post-thumbnail","hentry","category-rok-2013","category-tramwaj","tag-2013-11-03","tag-hiszpania","tag-majorka","tag-morze","tag-port-de-soller","tag-roslinnosc"],"_links":{"self":[{"href":"https:\/\/wgphoto.pl\/t\/index.php?rest_route=\/wp\/v2\/posts\/7329","targetHints":{"allow":["GET"]}}],"collection":[{"href":"https:\/\/wgphoto.pl\/t\/index.php?rest_route=\/wp\/v2\/posts"}],"about":[{"href":"https:\/\/wgphoto.pl\/t\/index.php?rest_route=\/wp\/v2\/types\/post"}],"author":[{"embeddable":true,"href":"https:\/\/wgphoto.pl\/t\/index.php?rest_route=\/wp\/v2\/users\/1"}],"replies":[{"embeddable":true,"href":"https:\/\/wgphoto.pl\/t\/index.php?rest_route=%2Fwp%2Fv2%2Fcomments&post=7329"}],"version-history":[{"count":1,"href":"https:\/\/wgphoto.pl\/t\/index.php?rest_route=\/wp\/v2\/posts\/7329\/revisions"}],"predecessor-version":[{"id":7331,"href":"https:\/\/wgphoto.pl\/t\/index.php?rest_route=\/wp\/v2\/posts\/7329\/revisions\/7331"}],"wp:featuredmedia":[{"embeddable":true,"href":"https:\/\/wgphoto.pl\/t\/index.php?rest_route=\/wp\/v2\/media\/7330"}],"wp:attachment":[{"href":"https:\/\/wgphoto.pl\/t\/index.php?rest_route=%2Fwp%2Fv2%2Fmedia&parent=7329"}],"wp:term":[{"taxonomy":"category","embeddable":true,"href":"https:\/\/wgphoto.pl\/t\/index.php?rest_route=%2Fwp%2Fv2%2Fcategories&post=7329"},{"taxonomy":"post_tag","embeddable":true,"href":"https:\/\/wgphoto.pl\/t\/index.php?rest_route=%2Fwp%2Fv2%2Ftags&post=7329"}],"curies":[{"name":"wp","href":"https:\/\/api.w.org\/{rel}","templated":true}]}}