{"id":733,"date":"2024-09-30T20:08:54","date_gmt":"2024-09-30T18:08:54","guid":{"rendered":"https:\/\/wgphoto.pl\/t\/?p=733"},"modified":"2024-09-30T20:08:54","modified_gmt":"2024-09-30T18:08:54","slug":"pietrowy-pospiech","status":"publish","type":"post","link":"https:\/\/wgphoto.pl\/t\/?p=733","title":{"rendered":"Pi\u0119trowy po\u015bpiech"},"content":{"rendered":"\n<figure class=\"wp-block-image aligncenter size-full\"><img loading=\"lazy\" decoding=\"async\" width=\"1200\" height=\"800\" src=\"https:\/\/wgphoto.pl\/t\/wp-content\/uploads\/2024\/09\/IMGP3157.jpg\" alt=\"\" class=\"wp-image-734\" srcset=\"https:\/\/wgphoto.pl\/t\/wp-content\/uploads\/2024\/09\/IMGP3157.jpg 1200w, https:\/\/wgphoto.pl\/t\/wp-content\/uploads\/2024\/09\/IMGP3157-300x200.jpg 300w, https:\/\/wgphoto.pl\/t\/wp-content\/uploads\/2024\/09\/IMGP3157-768x512.jpg 768w\" sizes=\"auto, (max-width: 1200px) 100vw, 1200px\" \/><\/figure>\n\n\n\n<div class=\"wp-block-group has-global-padding is-layout-constrained wp-block-group-is-layout-constrained\">\n<p>Rychlik 689 z D\u011b\u010d\u00edna do Pragi, obs\u0142ugiwany sk\u0142adem pi\u0119trowym tylko w soboty, odje\u017cd\u017ca z \u00dast\u00ed nad Labem hl.n. 29.03.2014<\/p>\n<\/div>\n","protected":false},"excerpt":{"rendered":"<p>Rychlik 689 z D\u011b\u010d\u00edna do Pragi, obs\u0142ugiwany sk\u0142adem pi\u0119trowym tylko w soboty, odje\u017cd\u017ca z \u00dast\u00ed nad Labem hl.n. 29.03.2014<\/p>\n","protected":false},"author":1,"featured_media":734,"comment_status":"open","ping_status":"","sticky":false,"template":"","format":"standard","meta":{"footnotes":""},"categories":[2,48],"tags":[214,351,50,49,173,349,350,90],"class_list":["post-733","post","type-post","status-publish","format-standard","has-post-thumbnail","hentry","category-kolej","category-rok-2014","tag-2014-03-29","tag-351","tag-cd","tag-czechy","tag-koncowki","tag-tab-cz090","tag-usti-nad-labem-hlavni-nadrazi","tag-wieczorem"],"_links":{"self":[{"href":"https:\/\/wgphoto.pl\/t\/index.php?rest_route=\/wp\/v2\/posts\/733","targetHints":{"allow":["GET"]}}],"collection":[{"href":"https:\/\/wgphoto.pl\/t\/index.php?rest_route=\/wp\/v2\/posts"}],"about":[{"href":"https:\/\/wgphoto.pl\/t\/index.php?rest_route=\/wp\/v2\/types\/post"}],"author":[{"embeddable":true,"href":"https:\/\/wgphoto.pl\/t\/index.php?rest_route=\/wp\/v2\/users\/1"}],"replies":[{"embeddable":true,"href":"https:\/\/wgphoto.pl\/t\/index.php?rest_route=%2Fwp%2Fv2%2Fcomments&post=733"}],"version-history":[{"count":1,"href":"https:\/\/wgphoto.pl\/t\/index.php?rest_route=\/wp\/v2\/posts\/733\/revisions"}],"predecessor-version":[{"id":735,"href":"https:\/\/wgphoto.pl\/t\/index.php?rest_route=\/wp\/v2\/posts\/733\/revisions\/735"}],"wp:featuredmedia":[{"embeddable":true,"href":"https:\/\/wgphoto.pl\/t\/index.php?rest_route=\/wp\/v2\/media\/734"}],"wp:attachment":[{"href":"https:\/\/wgphoto.pl\/t\/index.php?rest_route=%2Fwp%2Fv2%2Fmedia&parent=733"}],"wp:term":[{"taxonomy":"category","embeddable":true,"href":"https:\/\/wgphoto.pl\/t\/index.php?rest_route=%2Fwp%2Fv2%2Fcategories&post=733"},{"taxonomy":"post_tag","embeddable":true,"href":"https:\/\/wgphoto.pl\/t\/index.php?rest_route=%2Fwp%2Fv2%2Ftags&post=733"}],"curies":[{"name":"wp","href":"https:\/\/api.w.org\/{rel}","templated":true}]}}