{"id":7346,"date":"2024-12-11T22:14:42","date_gmt":"2024-12-11T21:14:42","guid":{"rendered":"https:\/\/wgphoto.pl\/t\/?p=7346"},"modified":"2024-12-11T22:14:42","modified_gmt":"2024-12-11T21:14:42","slug":"56-latek-wciaz-na-sluzbie","status":"publish","type":"post","link":"https:\/\/wgphoto.pl\/t\/?p=7346","title":{"rendered":"56-latek wci\u0105\u017c na s\u0142u\u017cbie"},"content":{"rendered":"\n<figure class=\"wp-block-image aligncenter size-full\"><img loading=\"lazy\" decoding=\"async\" width=\"1300\" height=\"861\" src=\"https:\/\/wgphoto.pl\/t\/wp-content\/uploads\/2024\/12\/IMGP3774.jpg\" alt=\"\" class=\"wp-image-7348\" srcset=\"https:\/\/wgphoto.pl\/t\/wp-content\/uploads\/2024\/12\/IMGP3774.jpg 1300w, https:\/\/wgphoto.pl\/t\/wp-content\/uploads\/2024\/12\/IMGP3774-300x199.jpg 300w, https:\/\/wgphoto.pl\/t\/wp-content\/uploads\/2024\/12\/IMGP3774-768x509.jpg 768w\" sizes=\"auto, (max-width: 1300px) 100vw, 1300px\" \/><\/figure>\n\n\n\n<div class=\"wp-block-group has-global-padding is-layout-constrained wp-block-group-is-layout-constrained\">\n<p>Halberstadt, Gr\u00f6perstra\u00dfe. Na niemieckiej prowincji r\u00f3wnie\u017c mo\u017cna spotka\u0107 wiekowe wagony GT4. W\u00f3z nr 168 trafi\u0142 tu akurat z Fryburga Bryzgowijskiego i sp\u0119dza emerytur\u0119 w\u015br\u00f3d sympatycznej zabudowy z muru pruskiego. 17.09.2021<\/p>\n<\/div>\n","protected":false},"excerpt":{"rendered":"<p>Halberstadt, Gr\u00f6perstra\u00dfe. Na niemieckiej prowincji r\u00f3wnie\u017c mo\u017cna spotka\u0107 wiekowe wagony GT4. W\u00f3z nr 168 trafi\u0142 tu akurat z Fryburga Bryzgowijskiego i sp\u0119dza emerytur\u0119 w\u015br\u00f3d sympatycznej zabudowy z muru pruskiego. 17.09.2021<\/p>\n","protected":false},"author":1,"featured_media":7348,"comment_status":"open","ping_status":"","sticky":false,"template":"","format":"standard","meta":{"footnotes":""},"categories":[681,3],"tags":[2203,34,1174,2554,2555,23,2202],"class_list":["post-7346","post","type-post","status-publish","format-standard","has-post-thumbnail","hentry","category-rok-2021","category-tramwaj","tag-2021-09-17","tag-architektura","tag-gt4","tag-halberstadt","tag-hvg-halberstadt","tag-niemcy","tag-niemieckie-wakacje-2021"],"_links":{"self":[{"href":"https:\/\/wgphoto.pl\/t\/index.php?rest_route=\/wp\/v2\/posts\/7346","targetHints":{"allow":["GET"]}}],"collection":[{"href":"https:\/\/wgphoto.pl\/t\/index.php?rest_route=\/wp\/v2\/posts"}],"about":[{"href":"https:\/\/wgphoto.pl\/t\/index.php?rest_route=\/wp\/v2\/types\/post"}],"author":[{"embeddable":true,"href":"https:\/\/wgphoto.pl\/t\/index.php?rest_route=\/wp\/v2\/users\/1"}],"replies":[{"embeddable":true,"href":"https:\/\/wgphoto.pl\/t\/index.php?rest_route=%2Fwp%2Fv2%2Fcomments&post=7346"}],"version-history":[{"count":1,"href":"https:\/\/wgphoto.pl\/t\/index.php?rest_route=\/wp\/v2\/posts\/7346\/revisions"}],"predecessor-version":[{"id":7349,"href":"https:\/\/wgphoto.pl\/t\/index.php?rest_route=\/wp\/v2\/posts\/7346\/revisions\/7349"}],"wp:featuredmedia":[{"embeddable":true,"href":"https:\/\/wgphoto.pl\/t\/index.php?rest_route=\/wp\/v2\/media\/7348"}],"wp:attachment":[{"href":"https:\/\/wgphoto.pl\/t\/index.php?rest_route=%2Fwp%2Fv2%2Fmedia&parent=7346"}],"wp:term":[{"taxonomy":"category","embeddable":true,"href":"https:\/\/wgphoto.pl\/t\/index.php?rest_route=%2Fwp%2Fv2%2Fcategories&post=7346"},{"taxonomy":"post_tag","embeddable":true,"href":"https:\/\/wgphoto.pl\/t\/index.php?rest_route=%2Fwp%2Fv2%2Ftags&post=7346"}],"curies":[{"name":"wp","href":"https:\/\/api.w.org\/{rel}","templated":true}]}}