{"id":7350,"date":"2024-12-11T22:16:12","date_gmt":"2024-12-11T21:16:12","guid":{"rendered":"https:\/\/wgphoto.pl\/t\/?p=7350"},"modified":"2024-12-11T22:16:12","modified_gmt":"2024-12-11T21:16:12","slug":"niezauwazona-odstawka","status":"publish","type":"post","link":"https:\/\/wgphoto.pl\/t\/?p=7350","title":{"rendered":"Niezauwa\u017cona odstawka"},"content":{"rendered":"\n<figure class=\"wp-block-image aligncenter size-full\"><img loading=\"lazy\" decoding=\"async\" width=\"1200\" height=\"900\" src=\"https:\/\/wgphoto.pl\/t\/wp-content\/uploads\/2024\/12\/IMGP0428-1.jpg\" alt=\"\" class=\"wp-image-7352\" srcset=\"https:\/\/wgphoto.pl\/t\/wp-content\/uploads\/2024\/12\/IMGP0428-1.jpg 1200w, https:\/\/wgphoto.pl\/t\/wp-content\/uploads\/2024\/12\/IMGP0428-1-300x225.jpg 300w, https:\/\/wgphoto.pl\/t\/wp-content\/uploads\/2024\/12\/IMGP0428-1-768x576.jpg 768w\" sizes=\"auto, (max-width: 1200px) 100vw, 1200px\" \/><\/figure>\n\n\n\n<div class=\"wp-block-group has-global-padding is-layout-constrained wp-block-group-is-layout-constrained\">\n<p>Amsterdam, Johanna Borskibrug, w\u00f3\u017c 12G 833. Okazuje si\u0119, \u017ce ok. 30 pozostaj\u0105cych dotychczas w ruchu wagon\u00f3w typu 12G wycofano zim\u0105 bie\u017c\u0105cego roku, do czego przyczyni\u0142y si\u0119 koronawirusowe ograniczenia w rozk\u0142adach jazdy oraz jednoczesne dostawy nowych tramwaj\u00f3w produkcji CAF. Obecnie mo\u017cna spotka\u0107 jeszcze par\u0119 wagon\u00f3w dwukierunkowej odmiany 11G i to by by\u0142o na tyle je\u015bli chodzi o tramwaje starszej budowy w Amsterdamie, poza tym s\u0105 ju\u017c same niskacze. 30.04.2017<\/p>\n<\/div>\n","protected":false},"excerpt":{"rendered":"<p>Amsterdam, Johanna Borskibrug, w\u00f3\u017c 12G 833. Okazuje si\u0119, \u017ce ok. 30 pozostaj\u0105cych dotychczas w ruchu wagon\u00f3w typu 12G wycofano zim\u0105 bie\u017c\u0105cego roku, do czego przyczyni\u0142y si\u0119 koronawirusowe ograniczenia w rozk\u0142adach jazdy oraz jednoczesne dostawy nowych tramwaj\u00f3w produkcji CAF. Obecnie mo\u017cna spotka\u0107 jeszcze par\u0119 wagon\u00f3w dwukierunkowej odmiany 11G i to by by\u0142o na tyle je\u015bli chodzi [&hellip;]<\/p>\n","protected":false},"author":1,"featured_media":7352,"comment_status":"open","ping_status":"","sticky":false,"template":"","format":"standard","meta":{"footnotes":""},"categories":[368,3],"tags":[1441,1439,34,2153,1440,370,787],"class_list":["post-7350","post","type-post","status-publish","format-standard","has-post-thumbnail","hentry","category-rok-2017","category-tramwaj","tag-2017-04-30","tag-amsterdam","tag-architektura","tag-bn-xxg","tag-gvb-amsterdam","tag-holandia","tag-majowka-2017-2"],"_links":{"self":[{"href":"https:\/\/wgphoto.pl\/t\/index.php?rest_route=\/wp\/v2\/posts\/7350","targetHints":{"allow":["GET"]}}],"collection":[{"href":"https:\/\/wgphoto.pl\/t\/index.php?rest_route=\/wp\/v2\/posts"}],"about":[{"href":"https:\/\/wgphoto.pl\/t\/index.php?rest_route=\/wp\/v2\/types\/post"}],"author":[{"embeddable":true,"href":"https:\/\/wgphoto.pl\/t\/index.php?rest_route=\/wp\/v2\/users\/1"}],"replies":[{"embeddable":true,"href":"https:\/\/wgphoto.pl\/t\/index.php?rest_route=%2Fwp%2Fv2%2Fcomments&post=7350"}],"version-history":[{"count":1,"href":"https:\/\/wgphoto.pl\/t\/index.php?rest_route=\/wp\/v2\/posts\/7350\/revisions"}],"predecessor-version":[{"id":7353,"href":"https:\/\/wgphoto.pl\/t\/index.php?rest_route=\/wp\/v2\/posts\/7350\/revisions\/7353"}],"wp:featuredmedia":[{"embeddable":true,"href":"https:\/\/wgphoto.pl\/t\/index.php?rest_route=\/wp\/v2\/media\/7352"}],"wp:attachment":[{"href":"https:\/\/wgphoto.pl\/t\/index.php?rest_route=%2Fwp%2Fv2%2Fmedia&parent=7350"}],"wp:term":[{"taxonomy":"category","embeddable":true,"href":"https:\/\/wgphoto.pl\/t\/index.php?rest_route=%2Fwp%2Fv2%2Fcategories&post=7350"},{"taxonomy":"post_tag","embeddable":true,"href":"https:\/\/wgphoto.pl\/t\/index.php?rest_route=%2Fwp%2Fv2%2Ftags&post=7350"}],"curies":[{"name":"wp","href":"https:\/\/api.w.org\/{rel}","templated":true}]}}