{"id":736,"date":"2024-09-30T20:10:09","date_gmt":"2024-09-30T18:10:09","guid":{"rendered":"https:\/\/wgphoto.pl\/t\/?p=736"},"modified":"2024-09-30T20:10:09","modified_gmt":"2024-09-30T18:10:09","slug":"st43-63","status":"publish","type":"post","link":"https:\/\/wgphoto.pl\/t\/?p=736","title":{"rendered":"ST43-63"},"content":{"rendered":"\n<figure class=\"wp-block-image aligncenter size-full\"><img loading=\"lazy\" decoding=\"async\" width=\"1200\" height=\"800\" src=\"https:\/\/wgphoto.pl\/t\/wp-content\/uploads\/2024\/09\/0416-04.jpg\" alt=\"\" class=\"wp-image-737\" srcset=\"https:\/\/wgphoto.pl\/t\/wp-content\/uploads\/2024\/09\/0416-04.jpg 1200w, https:\/\/wgphoto.pl\/t\/wp-content\/uploads\/2024\/09\/0416-04-300x200.jpg 300w, https:\/\/wgphoto.pl\/t\/wp-content\/uploads\/2024\/09\/0416-04-768x512.jpg 768w\" sizes=\"auto, (max-width: 1200px) 100vw, 1200px\" \/><\/figure>\n\n\n\n<div class=\"wp-block-group has-global-padding is-layout-constrained wp-block-group-is-layout-constrained\">\n<p>Poci\u0105g osobowy 518 ze Zgorzelca do Wroc\u0142awia G\u0142\u00f3wnego wje\u017cd\u017ca do Pie\u0144ska, nietkni\u0119tego jeszcze modernizacj\u0105. Tym zdj\u0119ciem rozpoczynam d\u0142ug\u0105 i nieregularn\u0105 seri\u0119 kolejnych zdj\u0119\u0107 &#8222;uwolnionych&#8221; z kliszy. \ud83d\ude09 27.07.2004<\/p>\n<\/div>\n","protected":false},"excerpt":{"rendered":"<p>Poci\u0105g osobowy 518 ze Zgorzelca do Wroc\u0142awia G\u0142\u00f3wnego wje\u017cd\u017ca do Pie\u0144ska, nietkni\u0119tego jeszcze modernizacj\u0105. Tym zdj\u0119ciem rozpoczynam d\u0142ug\u0105 i nieregularn\u0105 seri\u0119 kolejnych zdj\u0119\u0107 &#8222;uwolnionych&#8221; z kliszy. \ud83d\ude09 27.07.2004<\/p>\n","protected":false},"author":1,"featured_media":737,"comment_status":"open","ping_status":"","sticky":false,"template":"","format":"standard","meta":{"footnotes":""},"categories":[62,2,61],"tags":[353,288,352,63,27,64,53,233],"class_list":["post-736","post","type-post","status-publish","format-standard","has-post-thumbnail","hentry","category-analog","category-kolej","category-rok-2004","tag-2004-07-27","tag-bipa","tag-piensk","tag-pkp","tag-polska","tag-st43","tag-sygnalizacja-ksztaltowa","tag-tab-pl260"],"_links":{"self":[{"href":"https:\/\/wgphoto.pl\/t\/index.php?rest_route=\/wp\/v2\/posts\/736","targetHints":{"allow":["GET"]}}],"collection":[{"href":"https:\/\/wgphoto.pl\/t\/index.php?rest_route=\/wp\/v2\/posts"}],"about":[{"href":"https:\/\/wgphoto.pl\/t\/index.php?rest_route=\/wp\/v2\/types\/post"}],"author":[{"embeddable":true,"href":"https:\/\/wgphoto.pl\/t\/index.php?rest_route=\/wp\/v2\/users\/1"}],"replies":[{"embeddable":true,"href":"https:\/\/wgphoto.pl\/t\/index.php?rest_route=%2Fwp%2Fv2%2Fcomments&post=736"}],"version-history":[{"count":1,"href":"https:\/\/wgphoto.pl\/t\/index.php?rest_route=\/wp\/v2\/posts\/736\/revisions"}],"predecessor-version":[{"id":738,"href":"https:\/\/wgphoto.pl\/t\/index.php?rest_route=\/wp\/v2\/posts\/736\/revisions\/738"}],"wp:featuredmedia":[{"embeddable":true,"href":"https:\/\/wgphoto.pl\/t\/index.php?rest_route=\/wp\/v2\/media\/737"}],"wp:attachment":[{"href":"https:\/\/wgphoto.pl\/t\/index.php?rest_route=%2Fwp%2Fv2%2Fmedia&parent=736"}],"wp:term":[{"taxonomy":"category","embeddable":true,"href":"https:\/\/wgphoto.pl\/t\/index.php?rest_route=%2Fwp%2Fv2%2Fcategories&post=736"},{"taxonomy":"post_tag","embeddable":true,"href":"https:\/\/wgphoto.pl\/t\/index.php?rest_route=%2Fwp%2Fv2%2Ftags&post=736"}],"curies":[{"name":"wp","href":"https:\/\/api.w.org\/{rel}","templated":true}]}}